{"id":458,"date":"2026-09-04T16:15:19","date_gmt":"2026-09-04T14:15:19","guid":{"rendered":"https:\/\/sylvainberrios.fr\/?p=458"},"modified":"2026-09-04T16:15:20","modified_gmt":"2026-09-04T14:15:20","slug":"le-debat-budgetaire-qui-souvre-ne-doit-pas-etre-lotage-de-lelection-presidentielle","status":"publish","type":"post","link":"https:\/\/sylvainberrios.fr\/index.php\/2026\/09\/04\/le-debat-budgetaire-qui-souvre-ne-doit-pas-etre-lotage-de-lelection-presidentielle\/","title":{"rendered":"Le d\u00e9bat budg\u00e9taire qui s\u2019ouvre ne doit pas \u00eatre l\u2019otage de l\u2019\u00e9lection pr\u00e9sidentielle"},"content":{"rendered":"\n<p class=\"wp-block-paragraph\">Philippe Juvin, d\u00e9put\u00e9 des Hauts-de-Seine et rapporteur g\u00e9n\u00e9ral du budget 2027, a pris l\u2019initiative d\u2019envoyer un courrier aux candidats d\u00e9clar\u00e9s \u00e0 l\u2019\u00e9lection pr\u00e9sidentielle de 2027 afin que chacun puisse pr\u00e9ciser ses objectifs et sa m\u00e9thode pour l\u2019examen du prochain budget.<\/p>\n\n\n\n<p class=\"wp-block-paragraph\">Cette initiative peut sembler naturelle d\u00e8s lors que la situation budg\u00e9taire du pays sera un sujet majeur de l\u2019\u00e9lection pr\u00e9sidentielle.<\/p>\n\n\n\n<p class=\"wp-block-paragraph\">N\u00e9anmoins, il faut \u00eatre lucide sur les intentions des uns et des autres.<\/p>\n\n\n\n<p class=\"wp-block-paragraph\">Sans m\u00eame conna\u00eetre le projet de loi de finances qui sera d\u00e9pos\u00e9 par le Gouvernement sur le bureau de l\u2019Assembl\u00e9e, LFI, EELV, le PS et le RN ont d\u00e9j\u00e0 menac\u00e9 de censurer le Premier ministre.<\/p>\n\n\n\n<p class=\"wp-block-paragraph\">D\u00e8s lors, importer sciemment le d\u00e9bat pr\u00e9sidentiel dans l\u2019\u00e9laboration budg\u00e9taire, c\u2019est prendre le risque de rendre le budget l\u2019otage des candidats de tous bords.<\/p>\n\n\n\n<p class=\"wp-block-paragraph\">Ainsi, depuis deux ans d\u00e9j\u00e0, le RN et LFI n\u2019ont pas h\u00e9sit\u00e9 \u00e0 voter ensemble la censure pour servir la strat\u00e9gie politique de leurs candidats \u00e0 l\u2019\u00e9lection pr\u00e9sidentielle, quitte \u00e0 semer le chaos et \u00e0 renoncer \u00e0 toute hypoth\u00e8se de redressement \u00e9conomique. La politique de la terre br\u00fbl\u00e9e, en quelque sorte.<\/p>\n\n\n\n<p class=\"wp-block-paragraph\">La France ne peut pas se permettre de reproduire ind\u00e9finiment ce sc\u00e9nario. Nous avons besoin d\u2019un budget adopt\u00e9, pas d\u2019un budget transform\u00e9 en premier tour de l\u2019\u00e9lection pr\u00e9sidentielle.<\/p>\n\n\n\n<p class=\"wp-block-paragraph\">Les candidats \u00e0 la pr\u00e9sidentielle auront tout le loisir de pr\u00e9senter aux Fran\u00e7ais leur vision de la France et leurs choix budg\u00e9taires pendant la campagne. Le Parlement, lui, doit maintenant faire son travail : examiner, amender et voter un budget responsable.<\/p>\n\n\n\n<p class=\"wp-block-paragraph\">La pr\u00e9sidentielle viendra en son temps. Le budget, lui, ne peut pas attendre.<\/p>\n","protected":false},"excerpt":{"rendered":"<p>Philippe Juvin, d\u00e9put\u00e9 des Hauts-de-Seine et rapporteur g\u00e9n\u00e9ral du budget 2027, a pris l\u2019initiative d\u2019envoyer un courrier aux candidats d\u00e9clar\u00e9s \u00e0 l\u2019\u00e9lection pr\u00e9sidentielle de 2027 afin que chacun puisse pr\u00e9ciser ses objectifs et sa m\u00e9thode pour l\u2019examen du prochain budget. Cette initiative peut sembler naturelle d\u00e8s lors que la situation budg\u00e9taire du pays sera un&#8230;<\/p>\n","protected":false},"author":1,"featured_media":459,"comment_status":"open","ping_status":"open","sticky":false,"template":"","format":"standard","meta":{"_uag_custom_page_level_css":"","_kadence_starter_templates_imported_post":false,"_kad_post_transparent":"","_kad_post_title":"","_kad_post_layout":"","_kad_post_sidebar_id":"","_kad_post_content_style":"","_kad_post_vertical_padding":"","_kad_post_feature":"","_kad_post_feature_position":"","_kad_post_header":false,"_kad_post_footer":false,"footnotes":""},"categories":[1],"tags":[],"class_list":["post-458","post","type-post","status-publish","format-standard","has-post-thumbnail","hentry","category-non-classe"],"yoast_head":"<!-- This site is optimized with the Yoast SEO plugin v25.9 - https:\/\/yoast.com\/wordpress\/plugins\/seo\/ -->\n<title>Le d\u00e9bat budg\u00e9taire qui s\u2019ouvre ne doit pas \u00eatre l\u2019otage de l\u2019\u00e9lection pr\u00e9sidentielle - Sylvain BERRIOS<\/title>\n<meta name=\"robots\" content=\"index, follow, max-snippet:-1, max-image-preview:large, max-video-preview:-1\" \/>\n<link rel=\"canonical\" href=\"https:\/\/sylvainberrios.fr\/index.php\/2026\/09\/04\/le-debat-budgetaire-qui-souvre-ne-doit-pas-etre-lotage-de-lelection-presidentielle\/\" \/>\n<meta property=\"og:locale\" content=\"fr_FR\" \/>\n<meta property=\"og:type\" content=\"article\" \/>\n<meta property=\"og:title\" content=\"Le d\u00e9bat budg\u00e9taire qui s\u2019ouvre ne doit pas \u00eatre l\u2019otage de l\u2019\u00e9lection pr\u00e9sidentielle - Sylvain BERRIOS\" \/>\n<meta property=\"og:description\" content=\"Philippe Juvin, d\u00e9put\u00e9 des Hauts-de-Seine et rapporteur g\u00e9n\u00e9ral du budget 2027, a pris l\u2019initiative d\u2019envoyer un courrier aux candidats d\u00e9clar\u00e9s \u00e0 l\u2019\u00e9lection pr\u00e9sidentielle de 2027 afin que chacun puisse pr\u00e9ciser ses objectifs et sa m\u00e9thode pour l\u2019examen du prochain budget. Cette initiative peut sembler naturelle d\u00e8s lors que la situation budg\u00e9taire du pays sera un...\" \/>\n<meta property=\"og:url\" content=\"https:\/\/sylvainberrios.fr\/index.php\/2026\/09\/04\/le-debat-budgetaire-qui-souvre-ne-doit-pas-etre-lotage-de-lelection-presidentielle\/\" \/>\n<meta property=\"og:site_name\" content=\"Sylvain BERRIOS\" \/>\n<meta property=\"article:published_time\" content=\"2026-09-04T14:15:19+00:00\" \/>\n<meta property=\"article:modified_time\" content=\"2026-09-04T14:15:20+00:00\" \/>\n<meta property=\"og:image\" content=\"https:\/\/sylvainberrios.fr\/wp-content\/uploads\/2026\/09\/EZDRG6W3AVFTDKMKGRNRQZAJRI.jpg\" \/>\n\t<meta property=\"og:image:width\" content=\"932\" \/>\n\t<meta property=\"og:image:height\" content=\"582\" \/>\n\t<meta property=\"og:image:type\" content=\"image\/jpeg\" \/>\n<meta name=\"author\" content=\"Sylvain BERRIOS\" \/>\n<meta name=\"twitter:card\" content=\"summary_large_image\" \/>\n<meta name=\"twitter:label1\" content=\"\u00c9crit par\" \/>\n\t<meta name=\"twitter:data1\" content=\"Sylvain BERRIOS\" \/>\n\t<meta name=\"twitter:label2\" content=\"Dur\u00e9e de lecture estim\u00e9e\" \/>\n\t<meta name=\"twitter:data2\" content=\"2 minutes\" \/>\n<script type=\"application\/ld+json\" class=\"yoast-schema-graph\">{\"@context\":\"https:\/\/schema.org\",\"@graph\":[{\"@type\":\"Article\",\"@id\":\"https:\/\/sylvainberrios.fr\/index.php\/2026\/09\/04\/le-debat-budgetaire-qui-souvre-ne-doit-pas-etre-lotage-de-lelection-presidentielle\/#article\",\"isPartOf\":{\"@id\":\"https:\/\/sylvainberrios.fr\/index.php\/2026\/09\/04\/le-debat-budgetaire-qui-souvre-ne-doit-pas-etre-lotage-de-lelection-presidentielle\/\"},\"author\":{\"name\":\"Sylvain BERRIOS\",\"@id\":\"https:\/\/sylvainberrios.fr\/#\/schema\/person\/dbd49a98a88c7c14fb891d74d077b585\"},\"headline\":\"Le d\u00e9bat budg\u00e9taire qui s\u2019ouvre ne doit pas \u00eatre l\u2019otage de l\u2019\u00e9lection pr\u00e9sidentielle\",\"datePublished\":\"2026-09-04T14:15:19+00:00\",\"dateModified\":\"2026-09-04T14:15:20+00:00\",\"mainEntityOfPage\":{\"@id\":\"https:\/\/sylvainberrios.fr\/index.php\/2026\/09\/04\/le-debat-budgetaire-qui-souvre-ne-doit-pas-etre-lotage-de-lelection-presidentielle\/\"},\"wordCount\":324,\"commentCount\":0,\"publisher\":{\"@id\":\"https:\/\/sylvainberrios.fr\/#\/schema\/person\/dbd49a98a88c7c14fb891d74d077b585\"},\"image\":{\"@id\":\"https:\/\/sylvainberrios.fr\/index.php\/2026\/09\/04\/le-debat-budgetaire-qui-souvre-ne-doit-pas-etre-lotage-de-lelection-presidentielle\/#primaryimage\"},\"thumbnailUrl\":\"https:\/\/sylvainberrios.fr\/wp-content\/uploads\/2026\/09\/EZDRG6W3AVFTDKMKGRNRQZAJRI.jpg\",\"inLanguage\":\"fr-FR\",\"potentialAction\":[{\"@type\":\"CommentAction\",\"name\":\"Comment\",\"target\":[\"https:\/\/sylvainberrios.fr\/index.php\/2026\/09\/04\/le-debat-budgetaire-qui-souvre-ne-doit-pas-etre-lotage-de-lelection-presidentielle\/#respond\"]}]},{\"@type\":\"WebPage\",\"@id\":\"https:\/\/sylvainberrios.fr\/index.php\/2026\/09\/04\/le-debat-budgetaire-qui-souvre-ne-doit-pas-etre-lotage-de-lelection-presidentielle\/\",\"url\":\"https:\/\/sylvainberrios.fr\/index.php\/2026\/09\/04\/le-debat-budgetaire-qui-souvre-ne-doit-pas-etre-lotage-de-lelection-presidentielle\/\",\"name\":\"Le d\u00e9bat budg\u00e9taire qui s\u2019ouvre ne doit pas \u00eatre l\u2019otage de l\u2019\u00e9lection pr\u00e9sidentielle - Sylvain BERRIOS\",\"isPartOf\":{\"@id\":\"https:\/\/sylvainberrios.fr\/#website\"},\"primaryImageOfPage\":{\"@id\":\"https:\/\/sylvainberrios.fr\/index.php\/2026\/09\/04\/le-debat-budgetaire-qui-souvre-ne-doit-pas-etre-lotage-de-lelection-presidentielle\/#primaryimage\"},\"image\":{\"@id\":\"https:\/\/sylvainberrios.fr\/index.php\/2026\/09\/04\/le-debat-budgetaire-qui-souvre-ne-doit-pas-etre-lotage-de-lelection-presidentielle\/#primaryimage\"},\"thumbnailUrl\":\"https:\/\/sylvainberrios.fr\/wp-content\/uploads\/2026\/09\/EZDRG6W3AVFTDKMKGRNRQZAJRI.jpg\",\"datePublished\":\"2026-09-04T14:15:19+00:00\",\"dateModified\":\"2026-09-04T14:15:20+00:00\",\"breadcrumb\":{\"@id\":\"https:\/\/sylvainberrios.fr\/index.php\/2026\/09\/04\/le-debat-budgetaire-qui-souvre-ne-doit-pas-etre-lotage-de-lelection-presidentielle\/#breadcrumb\"},\"inLanguage\":\"fr-FR\",\"potentialAction\":[{\"@type\":\"ReadAction\",\"target\":[\"https:\/\/sylvainberrios.fr\/index.php\/2026\/09\/04\/le-debat-budgetaire-qui-souvre-ne-doit-pas-etre-lotage-de-lelection-presidentielle\/\"]}]},{\"@type\":\"ImageObject\",\"inLanguage\":\"fr-FR\",\"@id\":\"https:\/\/sylvainberrios.fr\/index.php\/2026\/09\/04\/le-debat-budgetaire-qui-souvre-ne-doit-pas-etre-lotage-de-lelection-presidentielle\/#primaryimage\",\"url\":\"https:\/\/sylvainberrios.fr\/wp-content\/uploads\/2026\/09\/EZDRG6W3AVFTDKMKGRNRQZAJRI.jpg\",\"contentUrl\":\"https:\/\/sylvainberrios.fr\/wp-content\/uploads\/2026\/09\/EZDRG6W3AVFTDKMKGRNRQZAJRI.jpg\",\"width\":932,\"height\":582,\"caption\":\"POLITIQUE , ASSEMBLEE NATIONALE , 01\/10\/2024 , DISCOURS DE POLITIQUE GENERALE DU PREMIER MINISTRE MICHEL BARNIER \/ PHOTO LE PARISIEN \/ ARNAUD JOURNOIS\"},{\"@type\":\"BreadcrumbList\",\"@id\":\"https:\/\/sylvainberrios.fr\/index.php\/2026\/09\/04\/le-debat-budgetaire-qui-souvre-ne-doit-pas-etre-lotage-de-lelection-presidentielle\/#breadcrumb\",\"itemListElement\":[{\"@type\":\"ListItem\",\"position\":1,\"name\":\"Home\",\"item\":\"https:\/\/sylvainberrios.fr\/\"},{\"@type\":\"ListItem\",\"position\":2,\"name\":\"Le d\u00e9bat budg\u00e9taire qui s\u2019ouvre ne doit pas \u00eatre l\u2019otage de l\u2019\u00e9lection pr\u00e9sidentielle\"}]},{\"@type\":\"WebSite\",\"@id\":\"https:\/\/sylvainberrios.fr\/#website\",\"url\":\"https:\/\/sylvainberrios.fr\/\",\"name\":\"Sylvain BERRIOS\",\"description\":\"Sylvain BERRIOS, D\u00e9put\u00e9 du Val-de-Marne\",\"publisher\":{\"@id\":\"https:\/\/sylvainberrios.fr\/#\/schema\/person\/dbd49a98a88c7c14fb891d74d077b585\"},\"potentialAction\":[{\"@type\":\"SearchAction\",\"target\":{\"@type\":\"EntryPoint\",\"urlTemplate\":\"https:\/\/sylvainberrios.fr\/?s={search_term_string}\"},\"query-input\":{\"@type\":\"PropertyValueSpecification\",\"valueRequired\":true,\"valueName\":\"search_term_string\"}}],\"inLanguage\":\"fr-FR\"},{\"@type\":[\"Person\",\"Organization\"],\"@id\":\"https:\/\/sylvainberrios.fr\/#\/schema\/person\/dbd49a98a88c7c14fb891d74d077b585\",\"name\":\"Sylvain BERRIOS\",\"image\":{\"@type\":\"ImageObject\",\"inLanguage\":\"fr-FR\",\"@id\":\"https:\/\/sylvainberrios.fr\/#\/schema\/person\/image\/\",\"url\":\"https:\/\/secure.gravatar.com\/avatar\/60b2635eb49fbc59564b46d4eb5174911cda21bd15ca945782e561972f387654?s=96&d=mm&r=g\",\"contentUrl\":\"https:\/\/secure.gravatar.com\/avatar\/60b2635eb49fbc59564b46d4eb5174911cda21bd15ca945782e561972f387654?s=96&d=mm&r=g\",\"caption\":\"Sylvain BERRIOS\"},\"logo\":{\"@id\":\"https:\/\/sylvainberrios.fr\/#\/schema\/person\/image\/\"},\"sameAs\":[\"http:\/\/sylvainberrios.fr\"],\"url\":\"https:\/\/sylvainberrios.fr\/index.php\/author\/admin9742\/\"}]}<\/script>\n<!-- \/ Yoast SEO plugin. -->","yoast_head_json":{"title":"Le d\u00e9bat budg\u00e9taire qui s\u2019ouvre ne doit pas \u00eatre l\u2019otage de l\u2019\u00e9lection pr\u00e9sidentielle - Sylvain BERRIOS","robots":{"index":"index","follow":"follow","max-snippet":"max-snippet:-1","max-image-preview":"max-image-preview:large","max-video-preview":"max-video-preview:-1"},"canonical":"https:\/\/sylvainberrios.fr\/index.php\/2026\/09\/04\/le-debat-budgetaire-qui-souvre-ne-doit-pas-etre-lotage-de-lelection-presidentielle\/","og_locale":"fr_FR","og_type":"article","og_title":"Le d\u00e9bat budg\u00e9taire qui s\u2019ouvre ne doit pas \u00eatre l\u2019otage de l\u2019\u00e9lection pr\u00e9sidentielle - Sylvain BERRIOS","og_description":"Philippe Juvin, d\u00e9put\u00e9 des Hauts-de-Seine et rapporteur g\u00e9n\u00e9ral du budget 2027, a pris l\u2019initiative d\u2019envoyer un courrier aux candidats d\u00e9clar\u00e9s \u00e0 l\u2019\u00e9lection pr\u00e9sidentielle de 2027 afin que chacun puisse pr\u00e9ciser ses objectifs et sa m\u00e9thode pour l\u2019examen du prochain budget. Cette initiative peut sembler naturelle d\u00e8s lors que la situation budg\u00e9taire du pays sera un...","og_url":"https:\/\/sylvainberrios.fr\/index.php\/2026\/09\/04\/le-debat-budgetaire-qui-souvre-ne-doit-pas-etre-lotage-de-lelection-presidentielle\/","og_site_name":"Sylvain BERRIOS","article_published_time":"2026-09-04T14:15:19+00:00","article_modified_time":"2026-09-04T14:15:20+00:00","og_image":[{"width":932,"height":582,"url":"https:\/\/sylvainberrios.fr\/wp-content\/uploads\/2026\/09\/EZDRG6W3AVFTDKMKGRNRQZAJRI.jpg","type":"image\/jpeg"}],"author":"Sylvain BERRIOS","twitter_card":"summary_large_image","twitter_misc":{"\u00c9crit par":"Sylvain BERRIOS","Dur\u00e9e de lecture estim\u00e9e":"2 minutes"},"schema":{"@context":"https:\/\/schema.org","@graph":[{"@type":"Article","@id":"https:\/\/sylvainberrios.fr\/index.php\/2026\/09\/04\/le-debat-budgetaire-qui-souvre-ne-doit-pas-etre-lotage-de-lelection-presidentielle\/#article","isPartOf":{"@id":"https:\/\/sylvainberrios.fr\/index.php\/2026\/09\/04\/le-debat-budgetaire-qui-souvre-ne-doit-pas-etre-lotage-de-lelection-presidentielle\/"},"author":{"name":"Sylvain BERRIOS","@id":"https:\/\/sylvainberrios.fr\/#\/schema\/person\/dbd49a98a88c7c14fb891d74d077b585"},"headline":"Le d\u00e9bat budg\u00e9taire qui s\u2019ouvre ne doit pas \u00eatre l\u2019otage de l\u2019\u00e9lection pr\u00e9sidentielle","datePublished":"2026-09-04T14:15:19+00:00","dateModified":"2026-09-04T14:15:20+00:00","mainEntityOfPage":{"@id":"https:\/\/sylvainberrios.fr\/index.php\/2026\/09\/04\/le-debat-budgetaire-qui-souvre-ne-doit-pas-etre-lotage-de-lelection-presidentielle\/"},"wordCount":324,"commentCount":0,"publisher":{"@id":"https:\/\/sylvainberrios.fr\/#\/schema\/person\/dbd49a98a88c7c14fb891d74d077b585"},"image":{"@id":"https:\/\/sylvainberrios.fr\/index.php\/2026\/09\/04\/le-debat-budgetaire-qui-souvre-ne-doit-pas-etre-lotage-de-lelection-presidentielle\/#primaryimage"},"thumbnailUrl":"https:\/\/sylvainberrios.fr\/wp-content\/uploads\/2026\/09\/EZDRG6W3AVFTDKMKGRNRQZAJRI.jpg","inLanguage":"fr-FR","potentialAction":[{"@type":"CommentAction","name":"Comment","target":["https:\/\/sylvainberrios.fr\/index.php\/2026\/09\/04\/le-debat-budgetaire-qui-souvre-ne-doit-pas-etre-lotage-de-lelection-presidentielle\/#respond"]}]},{"@type":"WebPage","@id":"https:\/\/sylvainberrios.fr\/index.php\/2026\/09\/04\/le-debat-budgetaire-qui-souvre-ne-doit-pas-etre-lotage-de-lelection-presidentielle\/","url":"https:\/\/sylvainberrios.fr\/index.php\/2026\/09\/04\/le-debat-budgetaire-qui-souvre-ne-doit-pas-etre-lotage-de-lelection-presidentielle\/","name":"Le d\u00e9bat budg\u00e9taire qui s\u2019ouvre ne doit pas \u00eatre l\u2019otage de l\u2019\u00e9lection pr\u00e9sidentielle - Sylvain BERRIOS","isPartOf":{"@id":"https:\/\/sylvainberrios.fr\/#website"},"primaryImageOfPage":{"@id":"https:\/\/sylvainberrios.fr\/index.php\/2026\/09\/04\/le-debat-budgetaire-qui-souvre-ne-doit-pas-etre-lotage-de-lelection-presidentielle\/#primaryimage"},"image":{"@id":"https:\/\/sylvainberrios.fr\/index.php\/2026\/09\/04\/le-debat-budgetaire-qui-souvre-ne-doit-pas-etre-lotage-de-lelection-presidentielle\/#primaryimage"},"thumbnailUrl":"https:\/\/sylvainberrios.fr\/wp-content\/uploads\/2026\/09\/EZDRG6W3AVFTDKMKGRNRQZAJRI.jpg","datePublished":"2026-09-04T14:15:19+00:00","dateModified":"2026-09-04T14:15:20+00:00","breadcrumb":{"@id":"https:\/\/sylvainberrios.fr\/index.php\/2026\/09\/04\/le-debat-budgetaire-qui-souvre-ne-doit-pas-etre-lotage-de-lelection-presidentielle\/#breadcrumb"},"inLanguage":"fr-FR","potentialAction":[{"@type":"ReadAction","target":["https:\/\/sylvainberrios.fr\/index.php\/2026\/09\/04\/le-debat-budgetaire-qui-souvre-ne-doit-pas-etre-lotage-de-lelection-presidentielle\/"]}]},{"@type":"ImageObject","inLanguage":"fr-FR","@id":"https:\/\/sylvainberrios.fr\/index.php\/2026\/09\/04\/le-debat-budgetaire-qui-souvre-ne-doit-pas-etre-lotage-de-lelection-presidentielle\/#primaryimage","url":"https:\/\/sylvainberrios.fr\/wp-content\/uploads\/2026\/09\/EZDRG6W3AVFTDKMKGRNRQZAJRI.jpg","contentUrl":"https:\/\/sylvainberrios.fr\/wp-content\/uploads\/2026\/09\/EZDRG6W3AVFTDKMKGRNRQZAJRI.jpg","width":932,"height":582,"caption":"POLITIQUE , ASSEMBLEE NATIONALE , 01\/10\/2024 , DISCOURS DE POLITIQUE GENERALE DU PREMIER MINISTRE MICHEL BARNIER \/ PHOTO LE PARISIEN \/ ARNAUD JOURNOIS"},{"@type":"BreadcrumbList","@id":"https:\/\/sylvainberrios.fr\/index.php\/2026\/09\/04\/le-debat-budgetaire-qui-souvre-ne-doit-pas-etre-lotage-de-lelection-presidentielle\/#breadcrumb","itemListElement":[{"@type":"ListItem","position":1,"name":"Home","item":"https:\/\/sylvainberrios.fr\/"},{"@type":"ListItem","position":2,"name":"Le d\u00e9bat budg\u00e9taire qui s\u2019ouvre ne doit pas \u00eatre l\u2019otage de l\u2019\u00e9lection pr\u00e9sidentielle"}]},{"@type":"WebSite","@id":"https:\/\/sylvainberrios.fr\/#website","url":"https:\/\/sylvainberrios.fr\/","name":"Sylvain BERRIOS","description":"Sylvain BERRIOS, D\u00e9put\u00e9 du Val-de-Marne","publisher":{"@id":"https:\/\/sylvainberrios.fr\/#\/schema\/person\/dbd49a98a88c7c14fb891d74d077b585"},"potentialAction":[{"@type":"SearchAction","target":{"@type":"EntryPoint","urlTemplate":"https:\/\/sylvainberrios.fr\/?s={search_term_string}"},"query-input":{"@type":"PropertyValueSpecification","valueRequired":true,"valueName":"search_term_string"}}],"inLanguage":"fr-FR"},{"@type":["Person","Organization"],"@id":"https:\/\/sylvainberrios.fr\/#\/schema\/person\/dbd49a98a88c7c14fb891d74d077b585","name":"Sylvain BERRIOS","image":{"@type":"ImageObject","inLanguage":"fr-FR","@id":"https:\/\/sylvainberrios.fr\/#\/schema\/person\/image\/","url":"https:\/\/secure.gravatar.com\/avatar\/60b2635eb49fbc59564b46d4eb5174911cda21bd15ca945782e561972f387654?s=96&d=mm&r=g","contentUrl":"https:\/\/secure.gravatar.com\/avatar\/60b2635eb49fbc59564b46d4eb5174911cda21bd15ca945782e561972f387654?s=96&d=mm&r=g","caption":"Sylvain BERRIOS"},"logo":{"@id":"https:\/\/sylvainberrios.fr\/#\/schema\/person\/image\/"},"sameAs":["http:\/\/sylvainberrios.fr"],"url":"https:\/\/sylvainberrios.fr\/index.php\/author\/admin9742\/"}]}},"uagb_featured_image_src":{"full":["https:\/\/sylvainberrios.fr\/wp-content\/uploads\/2026\/09\/EZDRG6W3AVFTDKMKGRNRQZAJRI.jpg",932,582,false],"thumbnail":["https:\/\/sylvainberrios.fr\/wp-content\/uploads\/2026\/09\/EZDRG6W3AVFTDKMKGRNRQZAJRI-150x150.jpg",150,150,true],"medium":["https:\/\/sylvainberrios.fr\/wp-content\/uploads\/2026\/09\/EZDRG6W3AVFTDKMKGRNRQZAJRI-300x187.jpg",300,187,true],"medium_large":["https:\/\/sylvainberrios.fr\/wp-content\/uploads\/2026\/09\/EZDRG6W3AVFTDKMKGRNRQZAJRI-768x480.jpg",768,480,true],"large":["https:\/\/sylvainberrios.fr\/wp-content\/uploads\/2026\/09\/EZDRG6W3AVFTDKMKGRNRQZAJRI.jpg",932,582,false],"1536x1536":["https:\/\/sylvainberrios.fr\/wp-content\/uploads\/2026\/09\/EZDRG6W3AVFTDKMKGRNRQZAJRI.jpg",932,582,false],"2048x2048":["https:\/\/sylvainberrios.fr\/wp-content\/uploads\/2026\/09\/EZDRG6W3AVFTDKMKGRNRQZAJRI.jpg",932,582,false]},"uagb_author_info":{"display_name":"Sylvain BERRIOS","author_link":"https:\/\/sylvainberrios.fr\/index.php\/author\/admin9742\/"},"uagb_comment_info":0,"uagb_excerpt":"Philippe Juvin, d\u00e9put\u00e9 des Hauts-de-Seine et rapporteur g\u00e9n\u00e9ral du budget 2027, a pris l\u2019initiative d\u2019envoyer un courrier aux candidats d\u00e9clar\u00e9s \u00e0 l\u2019\u00e9lection pr\u00e9sidentielle de 2027 afin que chacun puisse pr\u00e9ciser ses objectifs et sa m\u00e9thode pour l\u2019examen du prochain budget. Cette initiative peut sembler naturelle d\u00e8s lors que la situation budg\u00e9taire du pays sera un...","_links":{"self":[{"href":"https:\/\/sylvainberrios.fr\/index.php\/wp-json\/wp\/v2\/posts\/458","targetHints":{"allow":["GET"]}}],"collection":[{"href":"https:\/\/sylvainberrios.fr\/index.php\/wp-json\/wp\/v2\/posts"}],"about":[{"href":"https:\/\/sylvainberrios.fr\/index.php\/wp-json\/wp\/v2\/types\/post"}],"author":[{"embeddable":true,"href":"https:\/\/sylvainberrios.fr\/index.php\/wp-json\/wp\/v2\/users\/1"}],"replies":[{"embeddable":true,"href":"https:\/\/sylvainberrios.fr\/index.php\/wp-json\/wp\/v2\/comments?post=458"}],"version-history":[{"count":1,"href":"https:\/\/sylvainberrios.fr\/index.php\/wp-json\/wp\/v2\/posts\/458\/revisions"}],"predecessor-version":[{"id":460,"href":"https:\/\/sylvainberrios.fr\/index.php\/wp-json\/wp\/v2\/posts\/458\/revisions\/460"}],"wp:featuredmedia":[{"embeddable":true,"href":"https:\/\/sylvainberrios.fr\/index.php\/wp-json\/wp\/v2\/media\/459"}],"wp:attachment":[{"href":"https:\/\/sylvainberrios.fr\/index.php\/wp-json\/wp\/v2\/media?parent=458"}],"wp:term":[{"taxonomy":"category","embeddable":true,"href":"https:\/\/sylvainberrios.fr\/index.php\/wp-json\/wp\/v2\/categories?post=458"},{"taxonomy":"post_tag","embeddable":true,"href":"https:\/\/sylvainberrios.fr\/index.php\/wp-json\/wp\/v2\/tags?post=458"}],"curies":[{"name":"wp","href":"https:\/\/api.w.org\/{rel}","templated":true}]}}