{"id":372,"date":"2026-01-14T16:22:25","date_gmt":"2026-01-14T15:22:25","guid":{"rendered":"https:\/\/sylvainberrios.fr\/?p=372"},"modified":"2026-01-20T17:08:07","modified_gmt":"2026-01-20T16:08:07","slug":"la-france-continuera-a-accueillir-lagence-spatiale-de-leau","status":"publish","type":"post","link":"https:\/\/sylvainberrios.fr\/index.php\/2026\/01\/14\/la-france-continuera-a-accueillir-lagence-spatiale-de-leau\/","title":{"rendered":"La France continuera \u00e0 accueillir l&rsquo;agence spatiale europ\u00e9enne"},"content":{"rendered":"\n<p>Le 14 janvier a \u00e9t\u00e9 vot\u00e9, \u00e0 l\u2019unanimit\u00e9, en commission des Affaires \u00e9trang\u00e8res, le projet de loi autorisant l\u2019approbation de l\u2019accord entre le Gouvernement et l\u2019agence spatiale europ\u00e9enne concernant les installations de l\u2019Agence spatiale europ\u00e9enne en France.<\/p>\n\n\n\n<p>L\u2019Agence spatiale europ\u00e9enne (ASE), cr\u00e9\u00e9e en 1975, est un acteur central de la politique spatiale europ\u00e9enne et a son si\u00e8ge \u00e0 Paris depuis l\u2019origine. Elle regroupe aujourd\u2019hui plus de vingt \u00c9tats membres, emploie plusieurs milliers d\u2019agents et pilote des programmes strat\u00e9giques majeurs pour l\u2019autonomie, la s\u00e9curit\u00e9 et la comp\u00e9titivit\u00e9 de l\u2019Europe dans le domaine spatial.<\/p>\n\n\n\n<p>L\u2019accord dont l\u2019approbation est autoris\u00e9e par ce projet de loi modernise et clarifie le cadre juridique applicable \u00e0 l\u2019ASE en France. Il d\u00e9finit de mani\u00e8re pr\u00e9cise les conditions d\u2019implantation, d\u2019exploitation et de protection des sites de l\u2019Agence sur l\u2019ensemble du territoire national, y compris en outre-mer, tout en garantissant leur inviolabilit\u00e9 et leur s\u00e9curit\u00e9.<\/p>\n\n\n\n<p>Il harmonise le r\u00e9gime des privil\u00e8ges et immunit\u00e9s de l\u2019ASE avec celui dont b\u00e9n\u00e9ficient les autres organisations internationales en France, notamment en mati\u00e8re fiscale et douani\u00e8re, y compris pour la TVA sur les achats li\u00e9s aux activit\u00e9s officielles. L\u2019accord s\u00e9curise \u00e9galement le statut des personnels et de leurs familles, facilite leur installation, leur mobilit\u00e9 et leur int\u00e9gration, et met en place un comit\u00e9 consultatif mixte destin\u00e9 \u00e0 assurer un dialogue r\u00e9gulier et op\u00e9rationnel entre l\u2019Agence et les autorit\u00e9s fran\u00e7aises.<\/p>\n\n\n\n<p>La France doit \u00eatre confort\u00e9e dans sa position de pays h\u00f4te majeur des organisations internationales et comme acteur central de la gouvernance spatiale europ\u00e9enne.<\/p>\n\n\n\n<p>Cet accord renforce l\u2019attractivit\u00e9 de notre territoire, s\u00e9curise la pr\u00e9sence durable de l\u2019ASE \u00e0 Paris et aligne la France sur les pratiques d\u00e9j\u00e0 en vigueur chez nos partenaires europ\u00e9ens. Les exon\u00e9rations pr\u00e9vues ont un impact budg\u00e9taire n\u00e9gligeable, tandis que les retomb\u00e9es en termes d\u2019influence, d\u2019emplois qualifi\u00e9s, de recherche et d\u2019innovation sont significatives.<\/p>\n\n\n\n<p>Enfin, ce texte traduit un engagement clair en faveur de la coop\u00e9ration europ\u00e9enne, de la souverainet\u00e9 spatiale et du rayonnement scientifique et technologique de la France.&nbsp;<\/p>\n\n\n\n<p><\/p>\n","protected":false},"excerpt":{"rendered":"<p>Le 14 janvier a \u00e9t\u00e9 vot\u00e9, \u00e0 l\u2019unanimit\u00e9, en commission des Affaires \u00e9trang\u00e8res, le projet de loi autorisant l\u2019approbation de l\u2019accord entre le Gouvernement et l\u2019agence spatiale europ\u00e9enne concernant les installations de l\u2019Agence spatiale europ\u00e9enne en France. L\u2019Agence spatiale europ\u00e9enne (ASE), cr\u00e9\u00e9e en 1975, est un acteur central de la politique spatiale europ\u00e9enne et a&#8230;<\/p>\n","protected":false},"author":1,"featured_media":373,"comment_status":"open","ping_status":"open","sticky":false,"template":"","format":"standard","meta":{"_uag_custom_page_level_css":"","_kadence_starter_templates_imported_post":false,"_kad_post_transparent":"","_kad_post_title":"","_kad_post_layout":"","_kad_post_sidebar_id":"","_kad_post_content_style":"","_kad_post_vertical_padding":"","_kad_post_feature":"","_kad_post_feature_position":"","_kad_post_header":false,"_kad_post_footer":false,"footnotes":""},"categories":[1],"tags":[],"class_list":["post-372","post","type-post","status-publish","format-standard","has-post-thumbnail","hentry","category-non-classe"],"yoast_head":"<!-- This site is optimized with the Yoast SEO plugin v25.9 - https:\/\/yoast.com\/wordpress\/plugins\/seo\/ -->\n<title>La France continuera \u00e0 accueillir l&#039;agence spatiale europ\u00e9enne - Sylvain BERRIOS<\/title>\n<meta name=\"robots\" content=\"index, follow, max-snippet:-1, max-image-preview:large, max-video-preview:-1\" \/>\n<link rel=\"canonical\" href=\"https:\/\/sylvainberrios.fr\/index.php\/2026\/01\/14\/la-france-continuera-a-accueillir-lagence-spatiale-de-leau\/\" \/>\n<meta property=\"og:locale\" content=\"fr_FR\" \/>\n<meta property=\"og:type\" content=\"article\" \/>\n<meta property=\"og:title\" content=\"La France continuera \u00e0 accueillir l&#039;agence spatiale europ\u00e9enne - Sylvain BERRIOS\" \/>\n<meta property=\"og:description\" content=\"Le 14 janvier a \u00e9t\u00e9 vot\u00e9, \u00e0 l\u2019unanimit\u00e9, en commission des Affaires \u00e9trang\u00e8res, le projet de loi autorisant l\u2019approbation de l\u2019accord entre le Gouvernement et l\u2019agence spatiale europ\u00e9enne concernant les installations de l\u2019Agence spatiale europ\u00e9enne en France. L\u2019Agence spatiale europ\u00e9enne (ASE), cr\u00e9\u00e9e en 1975, est un acteur central de la politique spatiale europ\u00e9enne et a...\" \/>\n<meta property=\"og:url\" content=\"https:\/\/sylvainberrios.fr\/index.php\/2026\/01\/14\/la-france-continuera-a-accueillir-lagence-spatiale-de-leau\/\" \/>\n<meta property=\"og:site_name\" content=\"Sylvain BERRIOS\" \/>\n<meta property=\"article:published_time\" content=\"2026-01-14T15:22:25+00:00\" \/>\n<meta property=\"article:modified_time\" content=\"2026-01-20T16:08:07+00:00\" \/>\n<meta property=\"og:image\" content=\"https:\/\/sylvainberrios.fr\/wp-content\/uploads\/2026\/01\/spacecraft-orbiting-planet-earth-global-communications-generated-by-ai-scaled.jpg\" \/>\n\t<meta property=\"og:image:width\" content=\"2560\" \/>\n\t<meta property=\"og:image:height\" content=\"1463\" \/>\n\t<meta property=\"og:image:type\" content=\"image\/jpeg\" \/>\n<meta name=\"author\" content=\"Sylvain BERRIOS\" \/>\n<meta name=\"twitter:card\" content=\"summary_large_image\" \/>\n<meta name=\"twitter:label1\" content=\"\u00c9crit par\" \/>\n\t<meta name=\"twitter:data1\" content=\"Sylvain BERRIOS\" \/>\n\t<meta name=\"twitter:label2\" content=\"Dur\u00e9e de lecture estim\u00e9e\" \/>\n\t<meta name=\"twitter:data2\" content=\"2 minutes\" \/>\n<script type=\"application\/ld+json\" class=\"yoast-schema-graph\">{\"@context\":\"https:\/\/schema.org\",\"@graph\":[{\"@type\":\"Article\",\"@id\":\"https:\/\/sylvainberrios.fr\/index.php\/2026\/01\/14\/la-france-continuera-a-accueillir-lagence-spatiale-de-leau\/#article\",\"isPartOf\":{\"@id\":\"https:\/\/sylvainberrios.fr\/index.php\/2026\/01\/14\/la-france-continuera-a-accueillir-lagence-spatiale-de-leau\/\"},\"author\":{\"name\":\"Sylvain BERRIOS\",\"@id\":\"https:\/\/sylvainberrios.fr\/#\/schema\/person\/dbd49a98a88c7c14fb891d74d077b585\"},\"headline\":\"La France continuera \u00e0 accueillir l&rsquo;agence spatiale europ\u00e9enne\",\"datePublished\":\"2026-01-14T15:22:25+00:00\",\"dateModified\":\"2026-01-20T16:08:07+00:00\",\"mainEntityOfPage\":{\"@id\":\"https:\/\/sylvainberrios.fr\/index.php\/2026\/01\/14\/la-france-continuera-a-accueillir-lagence-spatiale-de-leau\/\"},\"wordCount\":401,\"commentCount\":0,\"publisher\":{\"@id\":\"https:\/\/sylvainberrios.fr\/#\/schema\/person\/dbd49a98a88c7c14fb891d74d077b585\"},\"image\":{\"@id\":\"https:\/\/sylvainberrios.fr\/index.php\/2026\/01\/14\/la-france-continuera-a-accueillir-lagence-spatiale-de-leau\/#primaryimage\"},\"thumbnailUrl\":\"https:\/\/sylvainberrios.fr\/wp-content\/uploads\/2026\/01\/spacecraft-orbiting-planet-earth-global-communications-generated-by-ai-scaled.jpg\",\"inLanguage\":\"fr-FR\",\"potentialAction\":[{\"@type\":\"CommentAction\",\"name\":\"Comment\",\"target\":[\"https:\/\/sylvainberrios.fr\/index.php\/2026\/01\/14\/la-france-continuera-a-accueillir-lagence-spatiale-de-leau\/#respond\"]}]},{\"@type\":\"WebPage\",\"@id\":\"https:\/\/sylvainberrios.fr\/index.php\/2026\/01\/14\/la-france-continuera-a-accueillir-lagence-spatiale-de-leau\/\",\"url\":\"https:\/\/sylvainberrios.fr\/index.php\/2026\/01\/14\/la-france-continuera-a-accueillir-lagence-spatiale-de-leau\/\",\"name\":\"La France continuera \u00e0 accueillir l'agence spatiale europ\u00e9enne - Sylvain BERRIOS\",\"isPartOf\":{\"@id\":\"https:\/\/sylvainberrios.fr\/#website\"},\"primaryImageOfPage\":{\"@id\":\"https:\/\/sylvainberrios.fr\/index.php\/2026\/01\/14\/la-france-continuera-a-accueillir-lagence-spatiale-de-leau\/#primaryimage\"},\"image\":{\"@id\":\"https:\/\/sylvainberrios.fr\/index.php\/2026\/01\/14\/la-france-continuera-a-accueillir-lagence-spatiale-de-leau\/#primaryimage\"},\"thumbnailUrl\":\"https:\/\/sylvainberrios.fr\/wp-content\/uploads\/2026\/01\/spacecraft-orbiting-planet-earth-global-communications-generated-by-ai-scaled.jpg\",\"datePublished\":\"2026-01-14T15:22:25+00:00\",\"dateModified\":\"2026-01-20T16:08:07+00:00\",\"breadcrumb\":{\"@id\":\"https:\/\/sylvainberrios.fr\/index.php\/2026\/01\/14\/la-france-continuera-a-accueillir-lagence-spatiale-de-leau\/#breadcrumb\"},\"inLanguage\":\"fr-FR\",\"potentialAction\":[{\"@type\":\"ReadAction\",\"target\":[\"https:\/\/sylvainberrios.fr\/index.php\/2026\/01\/14\/la-france-continuera-a-accueillir-lagence-spatiale-de-leau\/\"]}]},{\"@type\":\"ImageObject\",\"inLanguage\":\"fr-FR\",\"@id\":\"https:\/\/sylvainberrios.fr\/index.php\/2026\/01\/14\/la-france-continuera-a-accueillir-lagence-spatiale-de-leau\/#primaryimage\",\"url\":\"https:\/\/sylvainberrios.fr\/wp-content\/uploads\/2026\/01\/spacecraft-orbiting-planet-earth-global-communications-generated-by-ai-scaled.jpg\",\"contentUrl\":\"https:\/\/sylvainberrios.fr\/wp-content\/uploads\/2026\/01\/spacecraft-orbiting-planet-earth-global-communications-generated-by-ai-scaled.jpg\",\"width\":2560,\"height\":1463,\"caption\":\"Spacecraft orbiting planet Earth for global communications generated by artificial intelligence\"},{\"@type\":\"BreadcrumbList\",\"@id\":\"https:\/\/sylvainberrios.fr\/index.php\/2026\/01\/14\/la-france-continuera-a-accueillir-lagence-spatiale-de-leau\/#breadcrumb\",\"itemListElement\":[{\"@type\":\"ListItem\",\"position\":1,\"name\":\"Home\",\"item\":\"https:\/\/sylvainberrios.fr\/\"},{\"@type\":\"ListItem\",\"position\":2,\"name\":\"La France continuera \u00e0 accueillir l&rsquo;agence spatiale europ\u00e9enne\"}]},{\"@type\":\"WebSite\",\"@id\":\"https:\/\/sylvainberrios.fr\/#website\",\"url\":\"https:\/\/sylvainberrios.fr\/\",\"name\":\"Sylvain BERRIOS\",\"description\":\"Sylvain BERRIOS, D\u00e9put\u00e9 du Val-de-Marne\",\"publisher\":{\"@id\":\"https:\/\/sylvainberrios.fr\/#\/schema\/person\/dbd49a98a88c7c14fb891d74d077b585\"},\"potentialAction\":[{\"@type\":\"SearchAction\",\"target\":{\"@type\":\"EntryPoint\",\"urlTemplate\":\"https:\/\/sylvainberrios.fr\/?s={search_term_string}\"},\"query-input\":{\"@type\":\"PropertyValueSpecification\",\"valueRequired\":true,\"valueName\":\"search_term_string\"}}],\"inLanguage\":\"fr-FR\"},{\"@type\":[\"Person\",\"Organization\"],\"@id\":\"https:\/\/sylvainberrios.fr\/#\/schema\/person\/dbd49a98a88c7c14fb891d74d077b585\",\"name\":\"Sylvain BERRIOS\",\"image\":{\"@type\":\"ImageObject\",\"inLanguage\":\"fr-FR\",\"@id\":\"https:\/\/sylvainberrios.fr\/#\/schema\/person\/image\/\",\"url\":\"https:\/\/secure.gravatar.com\/avatar\/60b2635eb49fbc59564b46d4eb5174911cda21bd15ca945782e561972f387654?s=96&d=mm&r=g\",\"contentUrl\":\"https:\/\/secure.gravatar.com\/avatar\/60b2635eb49fbc59564b46d4eb5174911cda21bd15ca945782e561972f387654?s=96&d=mm&r=g\",\"caption\":\"Sylvain BERRIOS\"},\"logo\":{\"@id\":\"https:\/\/sylvainberrios.fr\/#\/schema\/person\/image\/\"},\"sameAs\":[\"http:\/\/sylvainberrios.fr\"],\"url\":\"https:\/\/sylvainberrios.fr\/index.php\/author\/admin9742\/\"}]}<\/script>\n<!-- \/ Yoast SEO plugin. -->","yoast_head_json":{"title":"La France continuera \u00e0 accueillir l'agence spatiale europ\u00e9enne - Sylvain BERRIOS","robots":{"index":"index","follow":"follow","max-snippet":"max-snippet:-1","max-image-preview":"max-image-preview:large","max-video-preview":"max-video-preview:-1"},"canonical":"https:\/\/sylvainberrios.fr\/index.php\/2026\/01\/14\/la-france-continuera-a-accueillir-lagence-spatiale-de-leau\/","og_locale":"fr_FR","og_type":"article","og_title":"La France continuera \u00e0 accueillir l'agence spatiale europ\u00e9enne - Sylvain BERRIOS","og_description":"Le 14 janvier a \u00e9t\u00e9 vot\u00e9, \u00e0 l\u2019unanimit\u00e9, en commission des Affaires \u00e9trang\u00e8res, le projet de loi autorisant l\u2019approbation de l\u2019accord entre le Gouvernement et l\u2019agence spatiale europ\u00e9enne concernant les installations de l\u2019Agence spatiale europ\u00e9enne en France. L\u2019Agence spatiale europ\u00e9enne (ASE), cr\u00e9\u00e9e en 1975, est un acteur central de la politique spatiale europ\u00e9enne et a...","og_url":"https:\/\/sylvainberrios.fr\/index.php\/2026\/01\/14\/la-france-continuera-a-accueillir-lagence-spatiale-de-leau\/","og_site_name":"Sylvain BERRIOS","article_published_time":"2026-01-14T15:22:25+00:00","article_modified_time":"2026-01-20T16:08:07+00:00","og_image":[{"width":2560,"height":1463,"url":"https:\/\/sylvainberrios.fr\/wp-content\/uploads\/2026\/01\/spacecraft-orbiting-planet-earth-global-communications-generated-by-ai-scaled.jpg","type":"image\/jpeg"}],"author":"Sylvain BERRIOS","twitter_card":"summary_large_image","twitter_misc":{"\u00c9crit par":"Sylvain BERRIOS","Dur\u00e9e de lecture estim\u00e9e":"2 minutes"},"schema":{"@context":"https:\/\/schema.org","@graph":[{"@type":"Article","@id":"https:\/\/sylvainberrios.fr\/index.php\/2026\/01\/14\/la-france-continuera-a-accueillir-lagence-spatiale-de-leau\/#article","isPartOf":{"@id":"https:\/\/sylvainberrios.fr\/index.php\/2026\/01\/14\/la-france-continuera-a-accueillir-lagence-spatiale-de-leau\/"},"author":{"name":"Sylvain BERRIOS","@id":"https:\/\/sylvainberrios.fr\/#\/schema\/person\/dbd49a98a88c7c14fb891d74d077b585"},"headline":"La France continuera \u00e0 accueillir l&rsquo;agence spatiale europ\u00e9enne","datePublished":"2026-01-14T15:22:25+00:00","dateModified":"2026-01-20T16:08:07+00:00","mainEntityOfPage":{"@id":"https:\/\/sylvainberrios.fr\/index.php\/2026\/01\/14\/la-france-continuera-a-accueillir-lagence-spatiale-de-leau\/"},"wordCount":401,"commentCount":0,"publisher":{"@id":"https:\/\/sylvainberrios.fr\/#\/schema\/person\/dbd49a98a88c7c14fb891d74d077b585"},"image":{"@id":"https:\/\/sylvainberrios.fr\/index.php\/2026\/01\/14\/la-france-continuera-a-accueillir-lagence-spatiale-de-leau\/#primaryimage"},"thumbnailUrl":"https:\/\/sylvainberrios.fr\/wp-content\/uploads\/2026\/01\/spacecraft-orbiting-planet-earth-global-communications-generated-by-ai-scaled.jpg","inLanguage":"fr-FR","potentialAction":[{"@type":"CommentAction","name":"Comment","target":["https:\/\/sylvainberrios.fr\/index.php\/2026\/01\/14\/la-france-continuera-a-accueillir-lagence-spatiale-de-leau\/#respond"]}]},{"@type":"WebPage","@id":"https:\/\/sylvainberrios.fr\/index.php\/2026\/01\/14\/la-france-continuera-a-accueillir-lagence-spatiale-de-leau\/","url":"https:\/\/sylvainberrios.fr\/index.php\/2026\/01\/14\/la-france-continuera-a-accueillir-lagence-spatiale-de-leau\/","name":"La France continuera \u00e0 accueillir l'agence spatiale europ\u00e9enne - Sylvain BERRIOS","isPartOf":{"@id":"https:\/\/sylvainberrios.fr\/#website"},"primaryImageOfPage":{"@id":"https:\/\/sylvainberrios.fr\/index.php\/2026\/01\/14\/la-france-continuera-a-accueillir-lagence-spatiale-de-leau\/#primaryimage"},"image":{"@id":"https:\/\/sylvainberrios.fr\/index.php\/2026\/01\/14\/la-france-continuera-a-accueillir-lagence-spatiale-de-leau\/#primaryimage"},"thumbnailUrl":"https:\/\/sylvainberrios.fr\/wp-content\/uploads\/2026\/01\/spacecraft-orbiting-planet-earth-global-communications-generated-by-ai-scaled.jpg","datePublished":"2026-01-14T15:22:25+00:00","dateModified":"2026-01-20T16:08:07+00:00","breadcrumb":{"@id":"https:\/\/sylvainberrios.fr\/index.php\/2026\/01\/14\/la-france-continuera-a-accueillir-lagence-spatiale-de-leau\/#breadcrumb"},"inLanguage":"fr-FR","potentialAction":[{"@type":"ReadAction","target":["https:\/\/sylvainberrios.fr\/index.php\/2026\/01\/14\/la-france-continuera-a-accueillir-lagence-spatiale-de-leau\/"]}]},{"@type":"ImageObject","inLanguage":"fr-FR","@id":"https:\/\/sylvainberrios.fr\/index.php\/2026\/01\/14\/la-france-continuera-a-accueillir-lagence-spatiale-de-leau\/#primaryimage","url":"https:\/\/sylvainberrios.fr\/wp-content\/uploads\/2026\/01\/spacecraft-orbiting-planet-earth-global-communications-generated-by-ai-scaled.jpg","contentUrl":"https:\/\/sylvainberrios.fr\/wp-content\/uploads\/2026\/01\/spacecraft-orbiting-planet-earth-global-communications-generated-by-ai-scaled.jpg","width":2560,"height":1463,"caption":"Spacecraft orbiting planet Earth for global communications generated by artificial intelligence"},{"@type":"BreadcrumbList","@id":"https:\/\/sylvainberrios.fr\/index.php\/2026\/01\/14\/la-france-continuera-a-accueillir-lagence-spatiale-de-leau\/#breadcrumb","itemListElement":[{"@type":"ListItem","position":1,"name":"Home","item":"https:\/\/sylvainberrios.fr\/"},{"@type":"ListItem","position":2,"name":"La France continuera \u00e0 accueillir l&rsquo;agence spatiale europ\u00e9enne"}]},{"@type":"WebSite","@id":"https:\/\/sylvainberrios.fr\/#website","url":"https:\/\/sylvainberrios.fr\/","name":"Sylvain BERRIOS","description":"Sylvain BERRIOS, D\u00e9put\u00e9 du Val-de-Marne","publisher":{"@id":"https:\/\/sylvainberrios.fr\/#\/schema\/person\/dbd49a98a88c7c14fb891d74d077b585"},"potentialAction":[{"@type":"SearchAction","target":{"@type":"EntryPoint","urlTemplate":"https:\/\/sylvainberrios.fr\/?s={search_term_string}"},"query-input":{"@type":"PropertyValueSpecification","valueRequired":true,"valueName":"search_term_string"}}],"inLanguage":"fr-FR"},{"@type":["Person","Organization"],"@id":"https:\/\/sylvainberrios.fr\/#\/schema\/person\/dbd49a98a88c7c14fb891d74d077b585","name":"Sylvain BERRIOS","image":{"@type":"ImageObject","inLanguage":"fr-FR","@id":"https:\/\/sylvainberrios.fr\/#\/schema\/person\/image\/","url":"https:\/\/secure.gravatar.com\/avatar\/60b2635eb49fbc59564b46d4eb5174911cda21bd15ca945782e561972f387654?s=96&d=mm&r=g","contentUrl":"https:\/\/secure.gravatar.com\/avatar\/60b2635eb49fbc59564b46d4eb5174911cda21bd15ca945782e561972f387654?s=96&d=mm&r=g","caption":"Sylvain BERRIOS"},"logo":{"@id":"https:\/\/sylvainberrios.fr\/#\/schema\/person\/image\/"},"sameAs":["http:\/\/sylvainberrios.fr"],"url":"https:\/\/sylvainberrios.fr\/index.php\/author\/admin9742\/"}]}},"uagb_featured_image_src":{"full":["https:\/\/sylvainberrios.fr\/wp-content\/uploads\/2026\/01\/spacecraft-orbiting-planet-earth-global-communications-generated-by-ai-scaled.jpg",2560,1463,false],"thumbnail":["https:\/\/sylvainberrios.fr\/wp-content\/uploads\/2026\/01\/spacecraft-orbiting-planet-earth-global-communications-generated-by-ai-150x150.jpg",150,150,true],"medium":["https:\/\/sylvainberrios.fr\/wp-content\/uploads\/2026\/01\/spacecraft-orbiting-planet-earth-global-communications-generated-by-ai-300x171.jpg",300,171,true],"medium_large":["https:\/\/sylvainberrios.fr\/wp-content\/uploads\/2026\/01\/spacecraft-orbiting-planet-earth-global-communications-generated-by-ai-768x439.jpg",768,439,true],"large":["https:\/\/sylvainberrios.fr\/wp-content\/uploads\/2026\/01\/spacecraft-orbiting-planet-earth-global-communications-generated-by-ai-1024x585.jpg",1024,585,true],"1536x1536":["https:\/\/sylvainberrios.fr\/wp-content\/uploads\/2026\/01\/spacecraft-orbiting-planet-earth-global-communications-generated-by-ai-1536x878.jpg",1536,878,true],"2048x2048":["https:\/\/sylvainberrios.fr\/wp-content\/uploads\/2026\/01\/spacecraft-orbiting-planet-earth-global-communications-generated-by-ai-2048x1170.jpg",2048,1170,true]},"uagb_author_info":{"display_name":"Sylvain BERRIOS","author_link":"https:\/\/sylvainberrios.fr\/index.php\/author\/admin9742\/"},"uagb_comment_info":0,"uagb_excerpt":"Le 14 janvier a \u00e9t\u00e9 vot\u00e9, \u00e0 l\u2019unanimit\u00e9, en commission des Affaires \u00e9trang\u00e8res, le projet de loi autorisant l\u2019approbation de l\u2019accord entre le Gouvernement et l\u2019agence spatiale europ\u00e9enne concernant les installations de l\u2019Agence spatiale europ\u00e9enne en France. L\u2019Agence spatiale europ\u00e9enne (ASE), cr\u00e9\u00e9e en 1975, est un acteur central de la politique spatiale europ\u00e9enne et a...","_links":{"self":[{"href":"https:\/\/sylvainberrios.fr\/index.php\/wp-json\/wp\/v2\/posts\/372","targetHints":{"allow":["GET"]}}],"collection":[{"href":"https:\/\/sylvainberrios.fr\/index.php\/wp-json\/wp\/v2\/posts"}],"about":[{"href":"https:\/\/sylvainberrios.fr\/index.php\/wp-json\/wp\/v2\/types\/post"}],"author":[{"embeddable":true,"href":"https:\/\/sylvainberrios.fr\/index.php\/wp-json\/wp\/v2\/users\/1"}],"replies":[{"embeddable":true,"href":"https:\/\/sylvainberrios.fr\/index.php\/wp-json\/wp\/v2\/comments?post=372"}],"version-history":[{"count":2,"href":"https:\/\/sylvainberrios.fr\/index.php\/wp-json\/wp\/v2\/posts\/372\/revisions"}],"predecessor-version":[{"id":376,"href":"https:\/\/sylvainberrios.fr\/index.php\/wp-json\/wp\/v2\/posts\/372\/revisions\/376"}],"wp:featuredmedia":[{"embeddable":true,"href":"https:\/\/sylvainberrios.fr\/index.php\/wp-json\/wp\/v2\/media\/373"}],"wp:attachment":[{"href":"https:\/\/sylvainberrios.fr\/index.php\/wp-json\/wp\/v2\/media?parent=372"}],"wp:term":[{"taxonomy":"category","embeddable":true,"href":"https:\/\/sylvainberrios.fr\/index.php\/wp-json\/wp\/v2\/categories?post=372"},{"taxonomy":"post_tag","embeddable":true,"href":"https:\/\/sylvainberrios.fr\/index.php\/wp-json\/wp\/v2\/tags?post=372"}],"curies":[{"name":"wp","href":"https:\/\/api.w.org\/{rel}","templated":true}]}}