{"id":335,"date":"2025-10-16T13:40:41","date_gmt":"2025-10-16T11:40:41","guid":{"rendered":"https:\/\/sylvainberrios.fr\/?p=335"},"modified":"2025-10-16T13:40:42","modified_gmt":"2025-10-16T11:40:42","slug":"le-vote-de-la-motion-de-censure-de-lfi-ou-du-rn-nest-pas-souhaitable","status":"publish","type":"post","link":"https:\/\/sylvainberrios.fr\/index.php\/2025\/10\/16\/le-vote-de-la-motion-de-censure-de-lfi-ou-du-rn-nest-pas-souhaitable\/","title":{"rendered":"Le vote de la motion de censure de LFI ou du RN n\u2019est pas souhaitable"},"content":{"rendered":"\n<p>Le vote de la motion de censure de LFI ou du RN n\u2019est pas souhaitable car la chute du Gouvernement est la garantie d\u2019une nouvelle crise politique et donc d\u2019une <a><\/a>paralysie du pays.<\/p>\n\n\n\n<p>M\u00eame si je comprends tr\u00e8s bien l\u2019envie que l\u2019on peut avoir de tout \u00ab bazarder \u00bb, dans les 3 mois qui viennent, l\u2019urgence est de doter la France d\u2019un budget.<\/p>\n\n\n\n<p>Lors de sa d\u00e9claration de politique g\u00e9n\u00e9rale, le Premier ministre a propos\u00e9 deux choses :<\/p>\n\n\n\n<p><img loading=\"lazy\" decoding=\"async\" height=\"16\" width=\"16\" alt=\"1\ufe0f\u20e3\" src=\"https:\/\/static.xx.fbcdn.net\/images\/emoji.php\/v9\/t59\/2\/16\/31_20e3.png\"> Un compromis avec le Parti socialiste sur la base de la suspension de la r\u00e9forme des retraites et d\u2019une augmentation des imp\u00f4ts de 14 milliards d\u2019euros.<\/p>\n\n\n\n<p><img loading=\"lazy\" decoding=\"async\" height=\"16\" width=\"16\" alt=\"\ud83d\udc49\" src=\"https:\/\/static.xx.fbcdn.net\/images\/emoji.php\/v9\/tf0\/2\/16\/1f449.png\"> Ce compromis n\u2019en est pas un puisque le Parti socialiste ne s\u2019est engag\u00e9 \u00e0 rien d\u2019autre qu\u2019une non censure imm\u00e9diate.<\/p>\n\n\n\n<p><img loading=\"lazy\" decoding=\"async\" height=\"16\" width=\"16\" alt=\"2\ufe0f\u20e3\" src=\"https:\/\/static.xx.fbcdn.net\/images\/emoji.php\/v9\/t78\/2\/16\/32_20e3.png\"> Un d\u00e9bat budg\u00e9taire \u00e0 la main des d\u00e9put\u00e9s qui pourront l\u2019amender et le modifier selon leur vote.<\/p>\n\n\n\n<p><img loading=\"lazy\" decoding=\"async\" height=\"16\" width=\"16\" alt=\"\ud83d\udc49\" src=\"https:\/\/static.xx.fbcdn.net\/images\/emoji.php\/v9\/tf0\/2\/16\/1f449.png\"> J\u2019utiliserai cette voie pour m\u2019opposer aux propositions budg\u00e9taires qui aggraveront la situation financi\u00e8re, \u00e9conomique et fiscale du pays, notamment l\u2019inepte taxe dite Zucman souhait\u00e9e par la gauche.<\/p>\n\n\n\n<p><\/p>\n","protected":false},"excerpt":{"rendered":"<p>Le vote de la motion de censure de LFI ou du RN n\u2019est pas souhaitable car la chute du Gouvernement est la garantie d\u2019une nouvelle crise politique et donc d\u2019une paralysie du pays. M\u00eame si je comprends tr\u00e8s bien l\u2019envie que l\u2019on peut avoir de tout \u00ab bazarder \u00bb, dans les 3 mois qui viennent,&#8230;<\/p>\n","protected":false},"author":1,"featured_media":336,"comment_status":"open","ping_status":"open","sticky":false,"template":"","format":"standard","meta":{"_uag_custom_page_level_css":"","_kadence_starter_templates_imported_post":false,"_kad_post_transparent":"","_kad_post_title":"","_kad_post_layout":"","_kad_post_sidebar_id":"","_kad_post_content_style":"","_kad_post_vertical_padding":"","_kad_post_feature":"","_kad_post_feature_position":"","_kad_post_header":false,"_kad_post_footer":false,"footnotes":""},"categories":[13],"tags":[41,38,40,39],"class_list":["post-335","post","type-post","status-publish","format-standard","has-post-thumbnail","hentry","category-travail-parlementaire","tag-budget","tag-censure","tag-gouvernement","tag-lecornu"],"yoast_head":"<!-- This site is optimized with the Yoast SEO plugin v25.9 - https:\/\/yoast.com\/wordpress\/plugins\/seo\/ -->\n<title>Le vote de la motion de censure de LFI ou du RN n\u2019est pas souhaitable - Sylvain BERRIOS<\/title>\n<meta name=\"robots\" content=\"index, follow, max-snippet:-1, max-image-preview:large, max-video-preview:-1\" \/>\n<link rel=\"canonical\" href=\"https:\/\/sylvainberrios.fr\/index.php\/2025\/10\/16\/le-vote-de-la-motion-de-censure-de-lfi-ou-du-rn-nest-pas-souhaitable\/\" \/>\n<meta property=\"og:locale\" content=\"fr_FR\" \/>\n<meta property=\"og:type\" content=\"article\" \/>\n<meta property=\"og:title\" content=\"Le vote de la motion de censure de LFI ou du RN n\u2019est pas souhaitable - Sylvain BERRIOS\" \/>\n<meta property=\"og:description\" content=\"Le vote de la motion de censure de LFI ou du RN n\u2019est pas souhaitable car la chute du Gouvernement est la garantie d\u2019une nouvelle crise politique et donc d\u2019une paralysie du pays. M\u00eame si je comprends tr\u00e8s bien l\u2019envie que l\u2019on peut avoir de tout \u00ab bazarder \u00bb, dans les 3 mois qui viennent,...\" \/>\n<meta property=\"og:url\" content=\"https:\/\/sylvainberrios.fr\/index.php\/2025\/10\/16\/le-vote-de-la-motion-de-censure-de-lfi-ou-du-rn-nest-pas-souhaitable\/\" \/>\n<meta property=\"og:site_name\" content=\"Sylvain BERRIOS\" \/>\n<meta property=\"article:published_time\" content=\"2025-10-16T11:40:41+00:00\" \/>\n<meta property=\"article:modified_time\" content=\"2025-10-16T11:40:42+00:00\" \/>\n<meta property=\"og:image\" content=\"https:\/\/sylvainberrios.fr\/wp-content\/uploads\/2025\/10\/565138310_1184176940197192_2095243494111401765_n.jpg\" \/>\n\t<meta property=\"og:image:width\" content=\"1080\" \/>\n\t<meta property=\"og:image:height\" content=\"1440\" \/>\n\t<meta property=\"og:image:type\" content=\"image\/jpeg\" \/>\n<meta name=\"author\" content=\"Sylvain BERRIOS\" \/>\n<meta name=\"twitter:card\" content=\"summary_large_image\" \/>\n<meta name=\"twitter:label1\" content=\"\u00c9crit par\" \/>\n\t<meta name=\"twitter:data1\" content=\"Sylvain BERRIOS\" \/>\n\t<meta name=\"twitter:label2\" content=\"Dur\u00e9e de lecture estim\u00e9e\" \/>\n\t<meta name=\"twitter:data2\" content=\"2 minutes\" \/>\n<script type=\"application\/ld+json\" class=\"yoast-schema-graph\">{\"@context\":\"https:\/\/schema.org\",\"@graph\":[{\"@type\":\"Article\",\"@id\":\"https:\/\/sylvainberrios.fr\/index.php\/2025\/10\/16\/le-vote-de-la-motion-de-censure-de-lfi-ou-du-rn-nest-pas-souhaitable\/#article\",\"isPartOf\":{\"@id\":\"https:\/\/sylvainberrios.fr\/index.php\/2025\/10\/16\/le-vote-de-la-motion-de-censure-de-lfi-ou-du-rn-nest-pas-souhaitable\/\"},\"author\":{\"name\":\"Sylvain BERRIOS\",\"@id\":\"https:\/\/sylvainberrios.fr\/#\/schema\/person\/dbd49a98a88c7c14fb891d74d077b585\"},\"headline\":\"Le vote de la motion de censure de LFI ou du RN n\u2019est pas souhaitable\",\"datePublished\":\"2025-10-16T11:40:41+00:00\",\"dateModified\":\"2025-10-16T11:40:42+00:00\",\"mainEntityOfPage\":{\"@id\":\"https:\/\/sylvainberrios.fr\/index.php\/2025\/10\/16\/le-vote-de-la-motion-de-censure-de-lfi-ou-du-rn-nest-pas-souhaitable\/\"},\"wordCount\":209,\"commentCount\":0,\"publisher\":{\"@id\":\"https:\/\/sylvainberrios.fr\/#\/schema\/person\/dbd49a98a88c7c14fb891d74d077b585\"},\"image\":{\"@id\":\"https:\/\/sylvainberrios.fr\/index.php\/2025\/10\/16\/le-vote-de-la-motion-de-censure-de-lfi-ou-du-rn-nest-pas-souhaitable\/#primaryimage\"},\"thumbnailUrl\":\"https:\/\/sylvainberrios.fr\/wp-content\/uploads\/2025\/10\/565138310_1184176940197192_2095243494111401765_n.jpg\",\"keywords\":[\"Budget\",\"censure\",\"Gouvernement\",\"lecornu\"],\"articleSection\":[\"travail parlementaire\"],\"inLanguage\":\"fr-FR\",\"potentialAction\":[{\"@type\":\"CommentAction\",\"name\":\"Comment\",\"target\":[\"https:\/\/sylvainberrios.fr\/index.php\/2025\/10\/16\/le-vote-de-la-motion-de-censure-de-lfi-ou-du-rn-nest-pas-souhaitable\/#respond\"]}]},{\"@type\":\"WebPage\",\"@id\":\"https:\/\/sylvainberrios.fr\/index.php\/2025\/10\/16\/le-vote-de-la-motion-de-censure-de-lfi-ou-du-rn-nest-pas-souhaitable\/\",\"url\":\"https:\/\/sylvainberrios.fr\/index.php\/2025\/10\/16\/le-vote-de-la-motion-de-censure-de-lfi-ou-du-rn-nest-pas-souhaitable\/\",\"name\":\"Le vote de la motion de censure de LFI ou du RN n\u2019est pas souhaitable - Sylvain BERRIOS\",\"isPartOf\":{\"@id\":\"https:\/\/sylvainberrios.fr\/#website\"},\"primaryImageOfPage\":{\"@id\":\"https:\/\/sylvainberrios.fr\/index.php\/2025\/10\/16\/le-vote-de-la-motion-de-censure-de-lfi-ou-du-rn-nest-pas-souhaitable\/#primaryimage\"},\"image\":{\"@id\":\"https:\/\/sylvainberrios.fr\/index.php\/2025\/10\/16\/le-vote-de-la-motion-de-censure-de-lfi-ou-du-rn-nest-pas-souhaitable\/#primaryimage\"},\"thumbnailUrl\":\"https:\/\/sylvainberrios.fr\/wp-content\/uploads\/2025\/10\/565138310_1184176940197192_2095243494111401765_n.jpg\",\"datePublished\":\"2025-10-16T11:40:41+00:00\",\"dateModified\":\"2025-10-16T11:40:42+00:00\",\"breadcrumb\":{\"@id\":\"https:\/\/sylvainberrios.fr\/index.php\/2025\/10\/16\/le-vote-de-la-motion-de-censure-de-lfi-ou-du-rn-nest-pas-souhaitable\/#breadcrumb\"},\"inLanguage\":\"fr-FR\",\"potentialAction\":[{\"@type\":\"ReadAction\",\"target\":[\"https:\/\/sylvainberrios.fr\/index.php\/2025\/10\/16\/le-vote-de-la-motion-de-censure-de-lfi-ou-du-rn-nest-pas-souhaitable\/\"]}]},{\"@type\":\"ImageObject\",\"inLanguage\":\"fr-FR\",\"@id\":\"https:\/\/sylvainberrios.fr\/index.php\/2025\/10\/16\/le-vote-de-la-motion-de-censure-de-lfi-ou-du-rn-nest-pas-souhaitable\/#primaryimage\",\"url\":\"https:\/\/sylvainberrios.fr\/wp-content\/uploads\/2025\/10\/565138310_1184176940197192_2095243494111401765_n.jpg\",\"contentUrl\":\"https:\/\/sylvainberrios.fr\/wp-content\/uploads\/2025\/10\/565138310_1184176940197192_2095243494111401765_n.jpg\",\"width\":1080,\"height\":1440},{\"@type\":\"BreadcrumbList\",\"@id\":\"https:\/\/sylvainberrios.fr\/index.php\/2025\/10\/16\/le-vote-de-la-motion-de-censure-de-lfi-ou-du-rn-nest-pas-souhaitable\/#breadcrumb\",\"itemListElement\":[{\"@type\":\"ListItem\",\"position\":1,\"name\":\"Home\",\"item\":\"https:\/\/sylvainberrios.fr\/\"},{\"@type\":\"ListItem\",\"position\":2,\"name\":\"Le vote de la motion de censure de LFI ou du RN n\u2019est pas souhaitable\"}]},{\"@type\":\"WebSite\",\"@id\":\"https:\/\/sylvainberrios.fr\/#website\",\"url\":\"https:\/\/sylvainberrios.fr\/\",\"name\":\"Sylvain BERRIOS\",\"description\":\"Sylvain BERRIOS, D\u00e9put\u00e9 du Val-de-Marne\",\"publisher\":{\"@id\":\"https:\/\/sylvainberrios.fr\/#\/schema\/person\/dbd49a98a88c7c14fb891d74d077b585\"},\"potentialAction\":[{\"@type\":\"SearchAction\",\"target\":{\"@type\":\"EntryPoint\",\"urlTemplate\":\"https:\/\/sylvainberrios.fr\/?s={search_term_string}\"},\"query-input\":{\"@type\":\"PropertyValueSpecification\",\"valueRequired\":true,\"valueName\":\"search_term_string\"}}],\"inLanguage\":\"fr-FR\"},{\"@type\":[\"Person\",\"Organization\"],\"@id\":\"https:\/\/sylvainberrios.fr\/#\/schema\/person\/dbd49a98a88c7c14fb891d74d077b585\",\"name\":\"Sylvain BERRIOS\",\"image\":{\"@type\":\"ImageObject\",\"inLanguage\":\"fr-FR\",\"@id\":\"https:\/\/sylvainberrios.fr\/#\/schema\/person\/image\/\",\"url\":\"https:\/\/secure.gravatar.com\/avatar\/60b2635eb49fbc59564b46d4eb5174911cda21bd15ca945782e561972f387654?s=96&d=mm&r=g\",\"contentUrl\":\"https:\/\/secure.gravatar.com\/avatar\/60b2635eb49fbc59564b46d4eb5174911cda21bd15ca945782e561972f387654?s=96&d=mm&r=g\",\"caption\":\"Sylvain BERRIOS\"},\"logo\":{\"@id\":\"https:\/\/sylvainberrios.fr\/#\/schema\/person\/image\/\"},\"sameAs\":[\"http:\/\/sylvainberrios.fr\"],\"url\":\"https:\/\/sylvainberrios.fr\/index.php\/author\/admin9742\/\"}]}<\/script>\n<!-- \/ Yoast SEO plugin. -->","yoast_head_json":{"title":"Le vote de la motion de censure de LFI ou du RN n\u2019est pas souhaitable - Sylvain BERRIOS","robots":{"index":"index","follow":"follow","max-snippet":"max-snippet:-1","max-image-preview":"max-image-preview:large","max-video-preview":"max-video-preview:-1"},"canonical":"https:\/\/sylvainberrios.fr\/index.php\/2025\/10\/16\/le-vote-de-la-motion-de-censure-de-lfi-ou-du-rn-nest-pas-souhaitable\/","og_locale":"fr_FR","og_type":"article","og_title":"Le vote de la motion de censure de LFI ou du RN n\u2019est pas souhaitable - Sylvain BERRIOS","og_description":"Le vote de la motion de censure de LFI ou du RN n\u2019est pas souhaitable car la chute du Gouvernement est la garantie d\u2019une nouvelle crise politique et donc d\u2019une paralysie du pays. M\u00eame si je comprends tr\u00e8s bien l\u2019envie que l\u2019on peut avoir de tout \u00ab bazarder \u00bb, dans les 3 mois qui viennent,...","og_url":"https:\/\/sylvainberrios.fr\/index.php\/2025\/10\/16\/le-vote-de-la-motion-de-censure-de-lfi-ou-du-rn-nest-pas-souhaitable\/","og_site_name":"Sylvain BERRIOS","article_published_time":"2025-10-16T11:40:41+00:00","article_modified_time":"2025-10-16T11:40:42+00:00","og_image":[{"width":1080,"height":1440,"url":"https:\/\/sylvainberrios.fr\/wp-content\/uploads\/2025\/10\/565138310_1184176940197192_2095243494111401765_n.jpg","type":"image\/jpeg"}],"author":"Sylvain BERRIOS","twitter_card":"summary_large_image","twitter_misc":{"\u00c9crit par":"Sylvain BERRIOS","Dur\u00e9e de lecture estim\u00e9e":"2 minutes"},"schema":{"@context":"https:\/\/schema.org","@graph":[{"@type":"Article","@id":"https:\/\/sylvainberrios.fr\/index.php\/2025\/10\/16\/le-vote-de-la-motion-de-censure-de-lfi-ou-du-rn-nest-pas-souhaitable\/#article","isPartOf":{"@id":"https:\/\/sylvainberrios.fr\/index.php\/2025\/10\/16\/le-vote-de-la-motion-de-censure-de-lfi-ou-du-rn-nest-pas-souhaitable\/"},"author":{"name":"Sylvain BERRIOS","@id":"https:\/\/sylvainberrios.fr\/#\/schema\/person\/dbd49a98a88c7c14fb891d74d077b585"},"headline":"Le vote de la motion de censure de LFI ou du RN n\u2019est pas souhaitable","datePublished":"2025-10-16T11:40:41+00:00","dateModified":"2025-10-16T11:40:42+00:00","mainEntityOfPage":{"@id":"https:\/\/sylvainberrios.fr\/index.php\/2025\/10\/16\/le-vote-de-la-motion-de-censure-de-lfi-ou-du-rn-nest-pas-souhaitable\/"},"wordCount":209,"commentCount":0,"publisher":{"@id":"https:\/\/sylvainberrios.fr\/#\/schema\/person\/dbd49a98a88c7c14fb891d74d077b585"},"image":{"@id":"https:\/\/sylvainberrios.fr\/index.php\/2025\/10\/16\/le-vote-de-la-motion-de-censure-de-lfi-ou-du-rn-nest-pas-souhaitable\/#primaryimage"},"thumbnailUrl":"https:\/\/sylvainberrios.fr\/wp-content\/uploads\/2025\/10\/565138310_1184176940197192_2095243494111401765_n.jpg","keywords":["Budget","censure","Gouvernement","lecornu"],"articleSection":["travail parlementaire"],"inLanguage":"fr-FR","potentialAction":[{"@type":"CommentAction","name":"Comment","target":["https:\/\/sylvainberrios.fr\/index.php\/2025\/10\/16\/le-vote-de-la-motion-de-censure-de-lfi-ou-du-rn-nest-pas-souhaitable\/#respond"]}]},{"@type":"WebPage","@id":"https:\/\/sylvainberrios.fr\/index.php\/2025\/10\/16\/le-vote-de-la-motion-de-censure-de-lfi-ou-du-rn-nest-pas-souhaitable\/","url":"https:\/\/sylvainberrios.fr\/index.php\/2025\/10\/16\/le-vote-de-la-motion-de-censure-de-lfi-ou-du-rn-nest-pas-souhaitable\/","name":"Le vote de la motion de censure de LFI ou du RN n\u2019est pas souhaitable - Sylvain BERRIOS","isPartOf":{"@id":"https:\/\/sylvainberrios.fr\/#website"},"primaryImageOfPage":{"@id":"https:\/\/sylvainberrios.fr\/index.php\/2025\/10\/16\/le-vote-de-la-motion-de-censure-de-lfi-ou-du-rn-nest-pas-souhaitable\/#primaryimage"},"image":{"@id":"https:\/\/sylvainberrios.fr\/index.php\/2025\/10\/16\/le-vote-de-la-motion-de-censure-de-lfi-ou-du-rn-nest-pas-souhaitable\/#primaryimage"},"thumbnailUrl":"https:\/\/sylvainberrios.fr\/wp-content\/uploads\/2025\/10\/565138310_1184176940197192_2095243494111401765_n.jpg","datePublished":"2025-10-16T11:40:41+00:00","dateModified":"2025-10-16T11:40:42+00:00","breadcrumb":{"@id":"https:\/\/sylvainberrios.fr\/index.php\/2025\/10\/16\/le-vote-de-la-motion-de-censure-de-lfi-ou-du-rn-nest-pas-souhaitable\/#breadcrumb"},"inLanguage":"fr-FR","potentialAction":[{"@type":"ReadAction","target":["https:\/\/sylvainberrios.fr\/index.php\/2025\/10\/16\/le-vote-de-la-motion-de-censure-de-lfi-ou-du-rn-nest-pas-souhaitable\/"]}]},{"@type":"ImageObject","inLanguage":"fr-FR","@id":"https:\/\/sylvainberrios.fr\/index.php\/2025\/10\/16\/le-vote-de-la-motion-de-censure-de-lfi-ou-du-rn-nest-pas-souhaitable\/#primaryimage","url":"https:\/\/sylvainberrios.fr\/wp-content\/uploads\/2025\/10\/565138310_1184176940197192_2095243494111401765_n.jpg","contentUrl":"https:\/\/sylvainberrios.fr\/wp-content\/uploads\/2025\/10\/565138310_1184176940197192_2095243494111401765_n.jpg","width":1080,"height":1440},{"@type":"BreadcrumbList","@id":"https:\/\/sylvainberrios.fr\/index.php\/2025\/10\/16\/le-vote-de-la-motion-de-censure-de-lfi-ou-du-rn-nest-pas-souhaitable\/#breadcrumb","itemListElement":[{"@type":"ListItem","position":1,"name":"Home","item":"https:\/\/sylvainberrios.fr\/"},{"@type":"ListItem","position":2,"name":"Le vote de la motion de censure de LFI ou du RN n\u2019est pas souhaitable"}]},{"@type":"WebSite","@id":"https:\/\/sylvainberrios.fr\/#website","url":"https:\/\/sylvainberrios.fr\/","name":"Sylvain BERRIOS","description":"Sylvain BERRIOS, D\u00e9put\u00e9 du Val-de-Marne","publisher":{"@id":"https:\/\/sylvainberrios.fr\/#\/schema\/person\/dbd49a98a88c7c14fb891d74d077b585"},"potentialAction":[{"@type":"SearchAction","target":{"@type":"EntryPoint","urlTemplate":"https:\/\/sylvainberrios.fr\/?s={search_term_string}"},"query-input":{"@type":"PropertyValueSpecification","valueRequired":true,"valueName":"search_term_string"}}],"inLanguage":"fr-FR"},{"@type":["Person","Organization"],"@id":"https:\/\/sylvainberrios.fr\/#\/schema\/person\/dbd49a98a88c7c14fb891d74d077b585","name":"Sylvain BERRIOS","image":{"@type":"ImageObject","inLanguage":"fr-FR","@id":"https:\/\/sylvainberrios.fr\/#\/schema\/person\/image\/","url":"https:\/\/secure.gravatar.com\/avatar\/60b2635eb49fbc59564b46d4eb5174911cda21bd15ca945782e561972f387654?s=96&d=mm&r=g","contentUrl":"https:\/\/secure.gravatar.com\/avatar\/60b2635eb49fbc59564b46d4eb5174911cda21bd15ca945782e561972f387654?s=96&d=mm&r=g","caption":"Sylvain BERRIOS"},"logo":{"@id":"https:\/\/sylvainberrios.fr\/#\/schema\/person\/image\/"},"sameAs":["http:\/\/sylvainberrios.fr"],"url":"https:\/\/sylvainberrios.fr\/index.php\/author\/admin9742\/"}]}},"uagb_featured_image_src":{"full":["https:\/\/sylvainberrios.fr\/wp-content\/uploads\/2025\/10\/565138310_1184176940197192_2095243494111401765_n.jpg",1080,1440,false],"thumbnail":["https:\/\/sylvainberrios.fr\/wp-content\/uploads\/2025\/10\/565138310_1184176940197192_2095243494111401765_n-150x150.jpg",150,150,true],"medium":["https:\/\/sylvainberrios.fr\/wp-content\/uploads\/2025\/10\/565138310_1184176940197192_2095243494111401765_n-225x300.jpg",225,300,true],"medium_large":["https:\/\/sylvainberrios.fr\/wp-content\/uploads\/2025\/10\/565138310_1184176940197192_2095243494111401765_n-768x1024.jpg",768,1024,true],"large":["https:\/\/sylvainberrios.fr\/wp-content\/uploads\/2025\/10\/565138310_1184176940197192_2095243494111401765_n-768x1024.jpg",768,1024,true],"1536x1536":["https:\/\/sylvainberrios.fr\/wp-content\/uploads\/2025\/10\/565138310_1184176940197192_2095243494111401765_n.jpg",1080,1440,false],"2048x2048":["https:\/\/sylvainberrios.fr\/wp-content\/uploads\/2025\/10\/565138310_1184176940197192_2095243494111401765_n.jpg",1080,1440,false]},"uagb_author_info":{"display_name":"Sylvain BERRIOS","author_link":"https:\/\/sylvainberrios.fr\/index.php\/author\/admin9742\/"},"uagb_comment_info":0,"uagb_excerpt":"Le vote de la motion de censure de LFI ou du RN n\u2019est pas souhaitable car la chute du Gouvernement est la garantie d\u2019une nouvelle crise politique et donc d\u2019une paralysie du pays. M\u00eame si je comprends tr\u00e8s bien l\u2019envie que l\u2019on peut avoir de tout \u00ab bazarder \u00bb, dans les 3 mois qui viennent,...","_links":{"self":[{"href":"https:\/\/sylvainberrios.fr\/index.php\/wp-json\/wp\/v2\/posts\/335","targetHints":{"allow":["GET"]}}],"collection":[{"href":"https:\/\/sylvainberrios.fr\/index.php\/wp-json\/wp\/v2\/posts"}],"about":[{"href":"https:\/\/sylvainberrios.fr\/index.php\/wp-json\/wp\/v2\/types\/post"}],"author":[{"embeddable":true,"href":"https:\/\/sylvainberrios.fr\/index.php\/wp-json\/wp\/v2\/users\/1"}],"replies":[{"embeddable":true,"href":"https:\/\/sylvainberrios.fr\/index.php\/wp-json\/wp\/v2\/comments?post=335"}],"version-history":[{"count":1,"href":"https:\/\/sylvainberrios.fr\/index.php\/wp-json\/wp\/v2\/posts\/335\/revisions"}],"predecessor-version":[{"id":337,"href":"https:\/\/sylvainberrios.fr\/index.php\/wp-json\/wp\/v2\/posts\/335\/revisions\/337"}],"wp:featuredmedia":[{"embeddable":true,"href":"https:\/\/sylvainberrios.fr\/index.php\/wp-json\/wp\/v2\/media\/336"}],"wp:attachment":[{"href":"https:\/\/sylvainberrios.fr\/index.php\/wp-json\/wp\/v2\/media?parent=335"}],"wp:term":[{"taxonomy":"category","embeddable":true,"href":"https:\/\/sylvainberrios.fr\/index.php\/wp-json\/wp\/v2\/categories?post=335"},{"taxonomy":"post_tag","embeddable":true,"href":"https:\/\/sylvainberrios.fr\/index.php\/wp-json\/wp\/v2\/tags?post=335"}],"curies":[{"name":"wp","href":"https:\/\/api.w.org\/{rel}","templated":true}]}}