{"id":310,"date":"2025-07-08T20:02:11","date_gmt":"2025-07-08T18:02:11","guid":{"rendered":"https:\/\/sylvainberrios.fr\/?p=310"},"modified":"2025-07-08T20:02:12","modified_gmt":"2025-07-08T18:02:12","slug":"la-loi-duplomb-une-loi-au-gout-dinacheve","status":"publish","type":"post","link":"https:\/\/sylvainberrios.fr\/index.php\/2025\/07\/08\/la-loi-duplomb-une-loi-au-gout-dinacheve\/","title":{"rendered":"La loi\u00a0Duplomb\u00a0: une loi\u00a0au go\u00fbt d\u2019inachev\u00e9"},"content":{"rendered":"\n<p>La proposition&nbsp;de loi&nbsp;visant \u00e0 lever les contraintes de l\u2019exercice du m\u00e9tier d\u2019agriculteur,&nbsp;a&nbsp;\u00e9t\u00e9 adopt\u00e9e&nbsp;mardi&nbsp;8 juillet&nbsp;par l\u2019Assembl\u00e9e nationale par&nbsp;316 voix contre 223.&nbsp;<\/p>\n\n\n\n<p>Pour ma part, je me suis abstenu.&nbsp;<\/p>\n\n\n\n<p>Si ce&nbsp;texte met fin&nbsp;aux&nbsp;surr\u00e8glementations fran\u00e7aises en mati\u00e8re de produits phytosanitaires, simplifie l\u2019activit\u00e9 des agriculteurs&nbsp;et accompagne&nbsp;mieux les contr\u00f4les en mati\u00e8re agricole, n\u00e9anmoins je reste pr\u00e9occup\u00e9 quant \u00e0 sa capacit\u00e9 \u00e0 prot\u00e9ger la sant\u00e9 des Fran\u00e7ais et&nbsp;la qualit\u00e9 de&nbsp;nos terres.&nbsp;<\/p>\n\n\n\n<p>Je comprends la d\u00e9tresse de nos agriculteurs&nbsp;qui vivent pour la grande majorit\u00e9 une situation \u00e9conomique tendue en raison de la volatilit\u00e9 des prix, des temps incertains relatifs aux conjoncture g\u00e9opolitiques et m\u00e9t\u00e9orologiques actuelles,&nbsp;mais ce texte&nbsp;est incomplet dans les r\u00e9ponses apport\u00e9es.&nbsp;<\/p>\n\n\n\n<p>En effet, je suis r\u00e9serv\u00e9 quant \u00e0 la r\u00e9introduction,&nbsp;m\u00eame \u00e0 titre d\u00e9rogatoire,&nbsp;de l\u2019ac\u00e9tamipride,pesticide de la famille des n\u00e9onicotino\u00efdes,&nbsp;jug\u00e9e&nbsp;toxique pour la sant\u00e9 humaine&nbsp;et interdite&nbsp;en France depuis 2020.&nbsp;En revanche, ce texte ne remet pas en cause la protection des zones humides et permet au monde agricole d\u2019assurer une gestion plus apais\u00e9e de l\u2019eau.&nbsp;<\/p>\n\n\n\n<p>Ces valeurs \u00e9cologiques, notamment la pr\u00e9servation de la qualit\u00e9 des sols&nbsp;comme de la qualit\u00e9 de nos rivi\u00e8res et de nos fleuves, sont&nbsp;fondamentales et guident depuis longtemps&nbsp;mon action de pr\u00e9servation de l\u2019environnement&nbsp;et de la sant\u00e9.&nbsp;Le&nbsp;retour de la baignade dans la Marne, symbolise&nbsp;ces engagements&nbsp;:&nbsp;un urbanisme ma\u00eetris\u00e9&nbsp;respectueux des habitants et d\u2019un cadre de vie pr\u00e9serv\u00e9 et riche de sa biodiversit\u00e9. &nbsp;<\/p>\n\n\n\n<p>Cette proposition de loi reste inachev\u00e9e, mais permet n\u00e9anmoins d\u2019accompagner&nbsp;nos agriculteurs dans un contexte difficile.<\/p>\n","protected":false},"excerpt":{"rendered":"<p>La proposition&nbsp;de loi&nbsp;visant \u00e0 lever les contraintes de l\u2019exercice du m\u00e9tier d\u2019agriculteur,&nbsp;a&nbsp;\u00e9t\u00e9 adopt\u00e9e&nbsp;mardi&nbsp;8 juillet&nbsp;par l\u2019Assembl\u00e9e nationale par&nbsp;316 voix contre 223.&nbsp; Pour ma part, je me suis abstenu.&nbsp; Si ce&nbsp;texte met fin&nbsp;aux&nbsp;surr\u00e8glementations fran\u00e7aises en mati\u00e8re de produits phytosanitaires, simplifie l\u2019activit\u00e9 des agriculteurs&nbsp;et accompagne&nbsp;mieux les contr\u00f4les en mati\u00e8re agricole, n\u00e9anmoins je reste pr\u00e9occup\u00e9 quant \u00e0 sa capacit\u00e9&#8230;<\/p>\n","protected":false},"author":1,"featured_media":311,"comment_status":"open","ping_status":"open","sticky":false,"template":"","format":"standard","meta":{"_uag_custom_page_level_css":"","_kadence_starter_templates_imported_post":false,"_kad_post_transparent":"","_kad_post_title":"","_kad_post_layout":"","_kad_post_sidebar_id":"","_kad_post_content_style":"","_kad_post_vertical_padding":"","_kad_post_feature":"","_kad_post_feature_position":"","_kad_post_header":false,"_kad_post_footer":false,"footnotes":""},"categories":[13],"tags":[],"class_list":["post-310","post","type-post","status-publish","format-standard","has-post-thumbnail","hentry","category-travail-parlementaire"],"yoast_head":"<!-- This site is optimized with the Yoast SEO plugin v25.9 - https:\/\/yoast.com\/wordpress\/plugins\/seo\/ -->\n<title>La loi\u00a0Duplomb\u00a0: une loi\u00a0au go\u00fbt d\u2019inachev\u00e9 - Sylvain BERRIOS<\/title>\n<meta name=\"robots\" content=\"index, follow, max-snippet:-1, max-image-preview:large, max-video-preview:-1\" \/>\n<link rel=\"canonical\" href=\"https:\/\/sylvainberrios.fr\/index.php\/2025\/07\/08\/la-loi-duplomb-une-loi-au-gout-dinacheve\/\" \/>\n<meta property=\"og:locale\" content=\"fr_FR\" \/>\n<meta property=\"og:type\" content=\"article\" \/>\n<meta property=\"og:title\" content=\"La loi\u00a0Duplomb\u00a0: une loi\u00a0au go\u00fbt d\u2019inachev\u00e9 - Sylvain BERRIOS\" \/>\n<meta property=\"og:description\" content=\"La proposition&nbsp;de loi&nbsp;visant \u00e0 lever les contraintes de l\u2019exercice du m\u00e9tier d\u2019agriculteur,&nbsp;a&nbsp;\u00e9t\u00e9 adopt\u00e9e&nbsp;mardi&nbsp;8 juillet&nbsp;par l\u2019Assembl\u00e9e nationale par&nbsp;316 voix contre 223.&nbsp; Pour ma part, je me suis abstenu.&nbsp; Si ce&nbsp;texte met fin&nbsp;aux&nbsp;surr\u00e8glementations fran\u00e7aises en mati\u00e8re de produits phytosanitaires, simplifie l\u2019activit\u00e9 des agriculteurs&nbsp;et accompagne&nbsp;mieux les contr\u00f4les en mati\u00e8re agricole, n\u00e9anmoins je reste pr\u00e9occup\u00e9 quant \u00e0 sa capacit\u00e9...\" \/>\n<meta property=\"og:url\" content=\"https:\/\/sylvainberrios.fr\/index.php\/2025\/07\/08\/la-loi-duplomb-une-loi-au-gout-dinacheve\/\" \/>\n<meta property=\"og:site_name\" content=\"Sylvain BERRIOS\" \/>\n<meta property=\"article:published_time\" content=\"2025-07-08T18:02:11+00:00\" \/>\n<meta property=\"article:modified_time\" content=\"2025-07-08T18:02:12+00:00\" \/>\n<meta property=\"og:image\" content=\"https:\/\/sylvainberrios.fr\/wp-content\/uploads\/2025\/07\/field-9652617_1280.jpg\" \/>\n\t<meta property=\"og:image:width\" content=\"1280\" \/>\n\t<meta property=\"og:image:height\" content=\"854\" \/>\n\t<meta property=\"og:image:type\" content=\"image\/jpeg\" \/>\n<meta name=\"author\" content=\"Sylvain BERRIOS\" \/>\n<meta name=\"twitter:card\" content=\"summary_large_image\" \/>\n<meta name=\"twitter:label1\" content=\"\u00c9crit par\" \/>\n\t<meta name=\"twitter:data1\" content=\"Sylvain BERRIOS\" \/>\n\t<meta name=\"twitter:label2\" content=\"Dur\u00e9e de lecture estim\u00e9e\" \/>\n\t<meta name=\"twitter:data2\" content=\"2 minutes\" \/>\n<script type=\"application\/ld+json\" class=\"yoast-schema-graph\">{\"@context\":\"https:\/\/schema.org\",\"@graph\":[{\"@type\":\"Article\",\"@id\":\"https:\/\/sylvainberrios.fr\/index.php\/2025\/07\/08\/la-loi-duplomb-une-loi-au-gout-dinacheve\/#article\",\"isPartOf\":{\"@id\":\"https:\/\/sylvainberrios.fr\/index.php\/2025\/07\/08\/la-loi-duplomb-une-loi-au-gout-dinacheve\/\"},\"author\":{\"name\":\"Sylvain BERRIOS\",\"@id\":\"https:\/\/sylvainberrios.fr\/#\/schema\/person\/dbd49a98a88c7c14fb891d74d077b585\"},\"headline\":\"La loi\u00a0Duplomb\u00a0: une loi\u00a0au go\u00fbt d\u2019inachev\u00e9\",\"datePublished\":\"2025-07-08T18:02:11+00:00\",\"dateModified\":\"2025-07-08T18:02:12+00:00\",\"mainEntityOfPage\":{\"@id\":\"https:\/\/sylvainberrios.fr\/index.php\/2025\/07\/08\/la-loi-duplomb-une-loi-au-gout-dinacheve\/\"},\"wordCount\":351,\"commentCount\":0,\"publisher\":{\"@id\":\"https:\/\/sylvainberrios.fr\/#\/schema\/person\/dbd49a98a88c7c14fb891d74d077b585\"},\"image\":{\"@id\":\"https:\/\/sylvainberrios.fr\/index.php\/2025\/07\/08\/la-loi-duplomb-une-loi-au-gout-dinacheve\/#primaryimage\"},\"thumbnailUrl\":\"https:\/\/sylvainberrios.fr\/wp-content\/uploads\/2025\/07\/field-9652617_1280.jpg\",\"articleSection\":[\"travail parlementaire\"],\"inLanguage\":\"fr-FR\",\"potentialAction\":[{\"@type\":\"CommentAction\",\"name\":\"Comment\",\"target\":[\"https:\/\/sylvainberrios.fr\/index.php\/2025\/07\/08\/la-loi-duplomb-une-loi-au-gout-dinacheve\/#respond\"]}]},{\"@type\":\"WebPage\",\"@id\":\"https:\/\/sylvainberrios.fr\/index.php\/2025\/07\/08\/la-loi-duplomb-une-loi-au-gout-dinacheve\/\",\"url\":\"https:\/\/sylvainberrios.fr\/index.php\/2025\/07\/08\/la-loi-duplomb-une-loi-au-gout-dinacheve\/\",\"name\":\"La loi\u00a0Duplomb\u00a0: une loi\u00a0au go\u00fbt d\u2019inachev\u00e9 - Sylvain BERRIOS\",\"isPartOf\":{\"@id\":\"https:\/\/sylvainberrios.fr\/#website\"},\"primaryImageOfPage\":{\"@id\":\"https:\/\/sylvainberrios.fr\/index.php\/2025\/07\/08\/la-loi-duplomb-une-loi-au-gout-dinacheve\/#primaryimage\"},\"image\":{\"@id\":\"https:\/\/sylvainberrios.fr\/index.php\/2025\/07\/08\/la-loi-duplomb-une-loi-au-gout-dinacheve\/#primaryimage\"},\"thumbnailUrl\":\"https:\/\/sylvainberrios.fr\/wp-content\/uploads\/2025\/07\/field-9652617_1280.jpg\",\"datePublished\":\"2025-07-08T18:02:11+00:00\",\"dateModified\":\"2025-07-08T18:02:12+00:00\",\"breadcrumb\":{\"@id\":\"https:\/\/sylvainberrios.fr\/index.php\/2025\/07\/08\/la-loi-duplomb-une-loi-au-gout-dinacheve\/#breadcrumb\"},\"inLanguage\":\"fr-FR\",\"potentialAction\":[{\"@type\":\"ReadAction\",\"target\":[\"https:\/\/sylvainberrios.fr\/index.php\/2025\/07\/08\/la-loi-duplomb-une-loi-au-gout-dinacheve\/\"]}]},{\"@type\":\"ImageObject\",\"inLanguage\":\"fr-FR\",\"@id\":\"https:\/\/sylvainberrios.fr\/index.php\/2025\/07\/08\/la-loi-duplomb-une-loi-au-gout-dinacheve\/#primaryimage\",\"url\":\"https:\/\/sylvainberrios.fr\/wp-content\/uploads\/2025\/07\/field-9652617_1280.jpg\",\"contentUrl\":\"https:\/\/sylvainberrios.fr\/wp-content\/uploads\/2025\/07\/field-9652617_1280.jpg\",\"width\":1280,\"height\":854},{\"@type\":\"BreadcrumbList\",\"@id\":\"https:\/\/sylvainberrios.fr\/index.php\/2025\/07\/08\/la-loi-duplomb-une-loi-au-gout-dinacheve\/#breadcrumb\",\"itemListElement\":[{\"@type\":\"ListItem\",\"position\":1,\"name\":\"Home\",\"item\":\"https:\/\/sylvainberrios.fr\/\"},{\"@type\":\"ListItem\",\"position\":2,\"name\":\"La loi\u00a0Duplomb\u00a0: une loi\u00a0au go\u00fbt d\u2019inachev\u00e9\"}]},{\"@type\":\"WebSite\",\"@id\":\"https:\/\/sylvainberrios.fr\/#website\",\"url\":\"https:\/\/sylvainberrios.fr\/\",\"name\":\"Sylvain BERRIOS\",\"description\":\"Sylvain BERRIOS, D\u00e9put\u00e9 du Val-de-Marne\",\"publisher\":{\"@id\":\"https:\/\/sylvainberrios.fr\/#\/schema\/person\/dbd49a98a88c7c14fb891d74d077b585\"},\"potentialAction\":[{\"@type\":\"SearchAction\",\"target\":{\"@type\":\"EntryPoint\",\"urlTemplate\":\"https:\/\/sylvainberrios.fr\/?s={search_term_string}\"},\"query-input\":{\"@type\":\"PropertyValueSpecification\",\"valueRequired\":true,\"valueName\":\"search_term_string\"}}],\"inLanguage\":\"fr-FR\"},{\"@type\":[\"Person\",\"Organization\"],\"@id\":\"https:\/\/sylvainberrios.fr\/#\/schema\/person\/dbd49a98a88c7c14fb891d74d077b585\",\"name\":\"Sylvain BERRIOS\",\"image\":{\"@type\":\"ImageObject\",\"inLanguage\":\"fr-FR\",\"@id\":\"https:\/\/sylvainberrios.fr\/#\/schema\/person\/image\/\",\"url\":\"https:\/\/secure.gravatar.com\/avatar\/60b2635eb49fbc59564b46d4eb5174911cda21bd15ca945782e561972f387654?s=96&d=mm&r=g\",\"contentUrl\":\"https:\/\/secure.gravatar.com\/avatar\/60b2635eb49fbc59564b46d4eb5174911cda21bd15ca945782e561972f387654?s=96&d=mm&r=g\",\"caption\":\"Sylvain BERRIOS\"},\"logo\":{\"@id\":\"https:\/\/sylvainberrios.fr\/#\/schema\/person\/image\/\"},\"sameAs\":[\"http:\/\/sylvainberrios.fr\"],\"url\":\"https:\/\/sylvainberrios.fr\/index.php\/author\/admin9742\/\"}]}<\/script>\n<!-- \/ Yoast SEO plugin. -->","yoast_head_json":{"title":"La loi\u00a0Duplomb\u00a0: une loi\u00a0au go\u00fbt d\u2019inachev\u00e9 - Sylvain BERRIOS","robots":{"index":"index","follow":"follow","max-snippet":"max-snippet:-1","max-image-preview":"max-image-preview:large","max-video-preview":"max-video-preview:-1"},"canonical":"https:\/\/sylvainberrios.fr\/index.php\/2025\/07\/08\/la-loi-duplomb-une-loi-au-gout-dinacheve\/","og_locale":"fr_FR","og_type":"article","og_title":"La loi\u00a0Duplomb\u00a0: une loi\u00a0au go\u00fbt d\u2019inachev\u00e9 - Sylvain BERRIOS","og_description":"La proposition&nbsp;de loi&nbsp;visant \u00e0 lever les contraintes de l\u2019exercice du m\u00e9tier d\u2019agriculteur,&nbsp;a&nbsp;\u00e9t\u00e9 adopt\u00e9e&nbsp;mardi&nbsp;8 juillet&nbsp;par l\u2019Assembl\u00e9e nationale par&nbsp;316 voix contre 223.&nbsp; Pour ma part, je me suis abstenu.&nbsp; Si ce&nbsp;texte met fin&nbsp;aux&nbsp;surr\u00e8glementations fran\u00e7aises en mati\u00e8re de produits phytosanitaires, simplifie l\u2019activit\u00e9 des agriculteurs&nbsp;et accompagne&nbsp;mieux les contr\u00f4les en mati\u00e8re agricole, n\u00e9anmoins je reste pr\u00e9occup\u00e9 quant \u00e0 sa capacit\u00e9...","og_url":"https:\/\/sylvainberrios.fr\/index.php\/2025\/07\/08\/la-loi-duplomb-une-loi-au-gout-dinacheve\/","og_site_name":"Sylvain BERRIOS","article_published_time":"2025-07-08T18:02:11+00:00","article_modified_time":"2025-07-08T18:02:12+00:00","og_image":[{"width":1280,"height":854,"url":"https:\/\/sylvainberrios.fr\/wp-content\/uploads\/2025\/07\/field-9652617_1280.jpg","type":"image\/jpeg"}],"author":"Sylvain BERRIOS","twitter_card":"summary_large_image","twitter_misc":{"\u00c9crit par":"Sylvain BERRIOS","Dur\u00e9e de lecture estim\u00e9e":"2 minutes"},"schema":{"@context":"https:\/\/schema.org","@graph":[{"@type":"Article","@id":"https:\/\/sylvainberrios.fr\/index.php\/2025\/07\/08\/la-loi-duplomb-une-loi-au-gout-dinacheve\/#article","isPartOf":{"@id":"https:\/\/sylvainberrios.fr\/index.php\/2025\/07\/08\/la-loi-duplomb-une-loi-au-gout-dinacheve\/"},"author":{"name":"Sylvain BERRIOS","@id":"https:\/\/sylvainberrios.fr\/#\/schema\/person\/dbd49a98a88c7c14fb891d74d077b585"},"headline":"La loi\u00a0Duplomb\u00a0: une loi\u00a0au go\u00fbt d\u2019inachev\u00e9","datePublished":"2025-07-08T18:02:11+00:00","dateModified":"2025-07-08T18:02:12+00:00","mainEntityOfPage":{"@id":"https:\/\/sylvainberrios.fr\/index.php\/2025\/07\/08\/la-loi-duplomb-une-loi-au-gout-dinacheve\/"},"wordCount":351,"commentCount":0,"publisher":{"@id":"https:\/\/sylvainberrios.fr\/#\/schema\/person\/dbd49a98a88c7c14fb891d74d077b585"},"image":{"@id":"https:\/\/sylvainberrios.fr\/index.php\/2025\/07\/08\/la-loi-duplomb-une-loi-au-gout-dinacheve\/#primaryimage"},"thumbnailUrl":"https:\/\/sylvainberrios.fr\/wp-content\/uploads\/2025\/07\/field-9652617_1280.jpg","articleSection":["travail parlementaire"],"inLanguage":"fr-FR","potentialAction":[{"@type":"CommentAction","name":"Comment","target":["https:\/\/sylvainberrios.fr\/index.php\/2025\/07\/08\/la-loi-duplomb-une-loi-au-gout-dinacheve\/#respond"]}]},{"@type":"WebPage","@id":"https:\/\/sylvainberrios.fr\/index.php\/2025\/07\/08\/la-loi-duplomb-une-loi-au-gout-dinacheve\/","url":"https:\/\/sylvainberrios.fr\/index.php\/2025\/07\/08\/la-loi-duplomb-une-loi-au-gout-dinacheve\/","name":"La loi\u00a0Duplomb\u00a0: une loi\u00a0au go\u00fbt d\u2019inachev\u00e9 - Sylvain BERRIOS","isPartOf":{"@id":"https:\/\/sylvainberrios.fr\/#website"},"primaryImageOfPage":{"@id":"https:\/\/sylvainberrios.fr\/index.php\/2025\/07\/08\/la-loi-duplomb-une-loi-au-gout-dinacheve\/#primaryimage"},"image":{"@id":"https:\/\/sylvainberrios.fr\/index.php\/2025\/07\/08\/la-loi-duplomb-une-loi-au-gout-dinacheve\/#primaryimage"},"thumbnailUrl":"https:\/\/sylvainberrios.fr\/wp-content\/uploads\/2025\/07\/field-9652617_1280.jpg","datePublished":"2025-07-08T18:02:11+00:00","dateModified":"2025-07-08T18:02:12+00:00","breadcrumb":{"@id":"https:\/\/sylvainberrios.fr\/index.php\/2025\/07\/08\/la-loi-duplomb-une-loi-au-gout-dinacheve\/#breadcrumb"},"inLanguage":"fr-FR","potentialAction":[{"@type":"ReadAction","target":["https:\/\/sylvainberrios.fr\/index.php\/2025\/07\/08\/la-loi-duplomb-une-loi-au-gout-dinacheve\/"]}]},{"@type":"ImageObject","inLanguage":"fr-FR","@id":"https:\/\/sylvainberrios.fr\/index.php\/2025\/07\/08\/la-loi-duplomb-une-loi-au-gout-dinacheve\/#primaryimage","url":"https:\/\/sylvainberrios.fr\/wp-content\/uploads\/2025\/07\/field-9652617_1280.jpg","contentUrl":"https:\/\/sylvainberrios.fr\/wp-content\/uploads\/2025\/07\/field-9652617_1280.jpg","width":1280,"height":854},{"@type":"BreadcrumbList","@id":"https:\/\/sylvainberrios.fr\/index.php\/2025\/07\/08\/la-loi-duplomb-une-loi-au-gout-dinacheve\/#breadcrumb","itemListElement":[{"@type":"ListItem","position":1,"name":"Home","item":"https:\/\/sylvainberrios.fr\/"},{"@type":"ListItem","position":2,"name":"La loi\u00a0Duplomb\u00a0: une loi\u00a0au go\u00fbt d\u2019inachev\u00e9"}]},{"@type":"WebSite","@id":"https:\/\/sylvainberrios.fr\/#website","url":"https:\/\/sylvainberrios.fr\/","name":"Sylvain BERRIOS","description":"Sylvain BERRIOS, D\u00e9put\u00e9 du Val-de-Marne","publisher":{"@id":"https:\/\/sylvainberrios.fr\/#\/schema\/person\/dbd49a98a88c7c14fb891d74d077b585"},"potentialAction":[{"@type":"SearchAction","target":{"@type":"EntryPoint","urlTemplate":"https:\/\/sylvainberrios.fr\/?s={search_term_string}"},"query-input":{"@type":"PropertyValueSpecification","valueRequired":true,"valueName":"search_term_string"}}],"inLanguage":"fr-FR"},{"@type":["Person","Organization"],"@id":"https:\/\/sylvainberrios.fr\/#\/schema\/person\/dbd49a98a88c7c14fb891d74d077b585","name":"Sylvain BERRIOS","image":{"@type":"ImageObject","inLanguage":"fr-FR","@id":"https:\/\/sylvainberrios.fr\/#\/schema\/person\/image\/","url":"https:\/\/secure.gravatar.com\/avatar\/60b2635eb49fbc59564b46d4eb5174911cda21bd15ca945782e561972f387654?s=96&d=mm&r=g","contentUrl":"https:\/\/secure.gravatar.com\/avatar\/60b2635eb49fbc59564b46d4eb5174911cda21bd15ca945782e561972f387654?s=96&d=mm&r=g","caption":"Sylvain BERRIOS"},"logo":{"@id":"https:\/\/sylvainberrios.fr\/#\/schema\/person\/image\/"},"sameAs":["http:\/\/sylvainberrios.fr"],"url":"https:\/\/sylvainberrios.fr\/index.php\/author\/admin9742\/"}]}},"uagb_featured_image_src":{"full":["https:\/\/sylvainberrios.fr\/wp-content\/uploads\/2025\/07\/field-9652617_1280.jpg",1280,854,false],"thumbnail":["https:\/\/sylvainberrios.fr\/wp-content\/uploads\/2025\/07\/field-9652617_1280-150x150.jpg",150,150,true],"medium":["https:\/\/sylvainberrios.fr\/wp-content\/uploads\/2025\/07\/field-9652617_1280-300x200.jpg",300,200,true],"medium_large":["https:\/\/sylvainberrios.fr\/wp-content\/uploads\/2025\/07\/field-9652617_1280-768x512.jpg",768,512,true],"large":["https:\/\/sylvainberrios.fr\/wp-content\/uploads\/2025\/07\/field-9652617_1280-1024x683.jpg",1024,683,true],"1536x1536":["https:\/\/sylvainberrios.fr\/wp-content\/uploads\/2025\/07\/field-9652617_1280.jpg",1280,854,false],"2048x2048":["https:\/\/sylvainberrios.fr\/wp-content\/uploads\/2025\/07\/field-9652617_1280.jpg",1280,854,false]},"uagb_author_info":{"display_name":"Sylvain BERRIOS","author_link":"https:\/\/sylvainberrios.fr\/index.php\/author\/admin9742\/"},"uagb_comment_info":0,"uagb_excerpt":"La proposition&nbsp;de loi&nbsp;visant \u00e0 lever les contraintes de l\u2019exercice du m\u00e9tier d\u2019agriculteur,&nbsp;a&nbsp;\u00e9t\u00e9 adopt\u00e9e&nbsp;mardi&nbsp;8 juillet&nbsp;par l\u2019Assembl\u00e9e nationale par&nbsp;316 voix contre 223.&nbsp; Pour ma part, je me suis abstenu.&nbsp; Si ce&nbsp;texte met fin&nbsp;aux&nbsp;surr\u00e8glementations fran\u00e7aises en mati\u00e8re de produits phytosanitaires, simplifie l\u2019activit\u00e9 des agriculteurs&nbsp;et accompagne&nbsp;mieux les contr\u00f4les en mati\u00e8re agricole, n\u00e9anmoins je reste pr\u00e9occup\u00e9 quant \u00e0 sa capacit\u00e9...","_links":{"self":[{"href":"https:\/\/sylvainberrios.fr\/index.php\/wp-json\/wp\/v2\/posts\/310","targetHints":{"allow":["GET"]}}],"collection":[{"href":"https:\/\/sylvainberrios.fr\/index.php\/wp-json\/wp\/v2\/posts"}],"about":[{"href":"https:\/\/sylvainberrios.fr\/index.php\/wp-json\/wp\/v2\/types\/post"}],"author":[{"embeddable":true,"href":"https:\/\/sylvainberrios.fr\/index.php\/wp-json\/wp\/v2\/users\/1"}],"replies":[{"embeddable":true,"href":"https:\/\/sylvainberrios.fr\/index.php\/wp-json\/wp\/v2\/comments?post=310"}],"version-history":[{"count":1,"href":"https:\/\/sylvainberrios.fr\/index.php\/wp-json\/wp\/v2\/posts\/310\/revisions"}],"predecessor-version":[{"id":312,"href":"https:\/\/sylvainberrios.fr\/index.php\/wp-json\/wp\/v2\/posts\/310\/revisions\/312"}],"wp:featuredmedia":[{"embeddable":true,"href":"https:\/\/sylvainberrios.fr\/index.php\/wp-json\/wp\/v2\/media\/311"}],"wp:attachment":[{"href":"https:\/\/sylvainberrios.fr\/index.php\/wp-json\/wp\/v2\/media?parent=310"}],"wp:term":[{"taxonomy":"category","embeddable":true,"href":"https:\/\/sylvainberrios.fr\/index.php\/wp-json\/wp\/v2\/categories?post=310"},{"taxonomy":"post_tag","embeddable":true,"href":"https:\/\/sylvainberrios.fr\/index.php\/wp-json\/wp\/v2\/tags?post=310"}],"curies":[{"name":"wp","href":"https:\/\/api.w.org\/{rel}","templated":true}]}}